{"id":50789,"date":"2025-06-01T19:49:12","date_gmt":"2025-06-01T17:49:12","guid":{"rendered":"https:\/\/stage.marbellawohnen.com\/?p=50789"},"modified":"2025-06-28T23:13:47","modified_gmt":"2025-06-28T21:13:47","slug":"marbella-fair-2025","status":"publish","type":"post","link":"https:\/\/marbellawohnen.com\/de\/marbella-fair-2025\/","title":{"rendered":"Feria Marbella 2025"},"content":{"rendered":"<p><\/p>\n<blockquote>\n<h1>Marbella-Feria 2025<\/h1>\n<p><img loading=\"lazy\" decoding=\"async\" width=\"800\" height=\"1143\" class=\"alignnone size-medium wp-image-50790\" src=\"https:\/\/marbellawohnen.com\/wp-content\/uploads\/2025\/06\/cartelferia_n-copia-1.jpg\" alt=\"\" srcset=\"https:\/\/marbellawohnen.com\/wp-content\/uploads\/2025\/06\/cartelferia_n-copia-1.jpg 800w, https:\/\/marbellawohnen.com\/wp-content\/uploads\/2025\/06\/cartelferia_n-copia-1-358x512.jpg 358w, https:\/\/marbellawohnen.com\/wp-content\/uploads\/2025\/06\/cartelferia_n-copia-1-717x1024.jpg 717w\" sizes=\"auto, (max-width: 800px) 100vw, 800px\" \/><\/p>\n<h3>Feierlichkeiten von San Bernabe<\/h3>\n<p><span style=\"color: #003366;\">Jedes Jahr wird die Stadt Marbella mit der Feier des San Bernab\u00e9 Festivals voller Leben und Farbe, einem aufregenden Ereignis, das Tausende von Menschen aus der ganzen Region anzieht. Dieses Festival findet im Juni statt und ist eine einzigartige Gelegenheit, die reiche Kultur und Tradition der Stadt sowie eine Vielzahl spannender Aktivit\u00e4ten und Veranstaltungen zu genie\u00dfen.\u00a0<\/span><a href=\"https:\/\/www.marbella.es\/agenda\/fiestas\/feria-y-fiestas-de-san-bernabe.html\" target=\"_blank\" rel=\"noopener\"><em><strong>Programm<\/strong> der Feria und Festivit\u00e4ten von San Bernab\u00e9 Marbella 2025<\/em><\/a><\/p>\n<p><span style=\"color: #003366;\">Die Marbella-Feria findet jedes Jahr im Juni zu Ehren von\u00a0<strong>San Bernab\u00e9<\/strong>, dem Schutzpatron der Stadt, und ist ein Muss, wenn Sie in Marbella sind<\/span><\/p>\n<p><img decoding=\"async\" class=\"alignnone wp-image-53590\" src=\"https:\/\/marbellawohnen.com\/wp-content\/uploads\/2023\/06\/San-Bernabe.jpg\" sizes=\"(max-width: 240px) 100vw, 240px\" srcset=\"https:\/\/marbellawohnen.com\/wp-content\/uploads\/2023\/06\/San-Bernabe.jpg 200w, https:\/\/marbellawohnen.com\/wp-content\/uploads\/2023\/06\/San-Bernabe.jpg 683w\" alt=\"\" \/><\/p>\n<p><span style=\"color: #003366;\">\u201eDiese Feierlichkeiten erinnern an die R\u00fcckeroberung Marbellas durch die Katholischen K\u00f6nige im Jahr 1485. \u201eDiese Woche genie\u00dfen sowohl Touristen als auch B\u00fcrger den ganzen Charme der traditionellen und farbenfrohen andalusischen Feste.\u201c<\/span><\/p>\n<p><img decoding=\"async\" class=\"alignnone wp-image-53787\" src=\"https:\/\/marbellawohnen.com\/wp-content\/uploads\/2023\/06\/TGM8537.jpg\" alt=\"\" \/>\u00a0<img decoding=\"async\" class=\"alignnone wp-image-53786\" src=\"https:\/\/marbellawohnen.com\/wp-content\/uploads\/2023\/06\/FERIA00038.jpg\" alt=\"\" \/>\u00a0<img decoding=\"async\" class=\"alignnone wp-image-53785\" src=\"https:\/\/marbellawohnen.com\/wp-content\/uploads\/2023\/06\/FERIA00032.jpg\" alt=\"\" \/><\/p><\/blockquote>\n<div class=\"oembed\"><iframe title=\"Video fuegos artificiales inauguraci\u00f3n &quot;Feria y Fiestas de San Bernab\u00e9&quot;\" src=\"https:\/\/www.youtube.com\/embed\/Mff2rMGVLEg?feature=oembed\" frameborder=\"0\" allowfullscreen=\"allowfullscreen\" data-mce-fragment=\"1\"><\/iframe><\/div>\n<blockquote><p><span style=\"color: #003366;\">Das San Bernab\u00e9 Festival bietet auch eine einzigartige Gelegenheit, die reiche Kultur und Tradition Marbellas zu genie\u00dfen. Besucher k\u00f6nnen an Prozessionen und feierlichen Messen sowie an kulturellen Aktivit\u00e4ten wie Kunstausstellungen, Konzerten klassischer Musik sowie Theater- und Tanzauff\u00fchrungen teilnehmen.<\/span><\/p>\n<p><span style=\"color: #003366;\"><strong>In diesem Jahr 2025 kehren <\/strong><strong>Feria und das Festival San Bernab\u00e9 nach Marbella<\/strong><strong>zur\u00fcck<\/strong><\/span><\/p>\n<p><img loading=\"lazy\" decoding=\"async\" width=\"400\" height=\"315\" class=\"alignnone wp-image-50791\" src=\"https:\/\/marbellawohnen.com\/wp-content\/uploads\/2025\/06\/GsG-PdPWYAAWB3E-copia-2.jpg\" alt=\"\" \/> <img loading=\"lazy\" decoding=\"async\" width=\"267\" height=\"189\" class=\"alignnone size-full wp-image-50792\" src=\"https:\/\/marbellawohnen.com\/wp-content\/uploads\/2025\/06\/images.jpg\" alt=\"\" \/><img loading=\"lazy\" decoding=\"async\" width=\"300\" height=\"225\" class=\"alignnone wp-image-50793\" src=\"https:\/\/marbellawohnen.com\/wp-content\/uploads\/2025\/06\/Gq_HQ9LWoAAi_Sn-copia-1.jpg\" alt=\"\" \/><\/p>\n<p><span style=\"color: #003366;\">Der gro\u00dfe Tag der Marbella-Feria wird am 11. Juni gefeiert, dem Tag von San Bernab\u00e9, dem Schutzpatron der Stadt. Die Feier und die verschiedenen Veranstaltungen erstrecken sich \u00fcber etwa sechs Tage, die je nach Wochentag, auf den der 11. Juni f\u00e4llt, variieren k\u00f6nnen.<\/span><\/p>\n<p><span style=\"color: #003366;\">Im Jahr 2025 findet die Marbella-Feria von <strong>Montag, 9. Juni bis Sonntag, 15. Juni, statt, der gro\u00dfe Tag ist der 11. Juni, San Bernab\u00e9<\/strong>.<\/span><\/p>\n<p><img decoding=\"async\" class=\" wp-image-65510 aligncenter\" src=\"https:\/\/marbellawohnen.com\/wp-content\/uploads\/2024\/06\/Sevilla-Feria-Abril.jpg\" alt=\"\" \/><\/p>\n<p><span style=\"color: #003366;\">Ausl\u00f6ser der Feierlichkeiten ist jedoch die\u00a0<strong>Romer\u00eda de San Bernab\u00e9<\/strong>, die am Vortag oder am Sonntag vor der Feierwoche stattfindet.<\/span><\/p>\n<p><img decoding=\"async\" class=\"alignnone wp-image-65509\" src=\"https:\/\/marbellawohnen.com\/wp-content\/uploads\/2024\/06\/romeria-18.jpg\" alt=\"\" \/>\u00a0<img decoding=\"async\" class=\"alignnone wp-image-65508\" src=\"https:\/\/marbellawohnen.com\/wp-content\/uploads\/2024\/06\/romeria-17.jpg\" alt=\"\" \/>\u00a0<img decoding=\"async\" class=\"alignnone size-full wp-image-65507\" src=\"https:\/\/marbellawohnen.com\/wp-content\/uploads\/2024\/06\/romeria-15.jpg\" alt=\"\" \/><\/p>\n<p><span style=\"color: #003366;\">Obwohl an verschiedenen Orten in der Gemeinde unterschiedliche Veranstaltungen und Aktivit\u00e4ten stattfinden, gibt es in der Stadt zwei Hauptorte f\u00fcr die Feierlichkeiten zum Fest von San Bernab\u00e9:<\/span><\/p>\n<h3>Platz f\u00fcr die Tages Feria<\/h3>\n<p><span style=\"color: #003366;\">Musik und Tanz sind beim San Bernab\u00e9 Festival von grundlegender Bedeutung. Besucher k\u00f6nnen Live-Konzerte verschiedener Musikgenres genie\u00dfen, von traditioneller andalusischer Musik bis hin zu zeitgen\u00f6ssischer Musik. Dar\u00fcber hinaus bieten die Tanzakademien der Region spektakul\u00e4re Auff\u00fchrungen des Flamenco-Tanzes und anderer Stilrichtungen.<\/span><\/p>\n<p><span style=\"color: #003366;\">Die Messe ist ein weiterer beliebter Aspekt des San Bernab\u00e9 Festivals. Besucher k\u00f6nnen eine gro\u00dfe Auswahl an mechanischen Attraktionen, Spielen und Freizeitaktivit\u00e4ten f\u00fcr jeden Geschmack und jedes Alter genie\u00dfen. Dar\u00fcber hinaus verf\u00fcgt die Messe \u00fcber eine gro\u00dfe Auswahl an Essens- und Getr\u00e4nkest\u00e4nden, an denen Sie k\u00f6stliche typische Gerichte aus der Region probieren k\u00f6nnen.<\/span><\/p>\n<p><img decoding=\"async\" class=\"alignnone wp-image-53776\" src=\"https:\/\/marbellawohnen.com\/wp-content\/uploads\/2023\/06\/FERIA65.jpg\" alt=\"\" \/>\u00a0<img decoding=\"async\" class=\"alignnone wp-image-53777\" src=\"https:\/\/marbellawohnen.com\/wp-content\/uploads\/2023\/06\/Portada.jpg\" alt=\"\" \/>\u00a0<img decoding=\"async\" class=\"alignnone wp-image-53775\" src=\"https:\/\/marbellawohnen.com\/wp-content\/uploads\/2023\/06\/FERIA3_1.jpg\" alt=\"\" \/><\/p>\n<p><img decoding=\"async\" class=\"wp-image-53774 aligncenter\" src=\"https:\/\/marbellawohnen.com\/wp-content\/uploads\/2023\/06\/FERIA1_1.jpg\" alt=\"\" \/><\/p>\n<p><span style=\"color: #003366;\">Der Bereich der Tages Feria hat seinen Haupteingang im Parque de la Alameda und erreicht den Paseo Mar\u00edtimo \u00fcber die Avenida del Mar, flankiert von der Avenida Miguel Cano und der Avenida Puerta del Mar.<\/span><\/p>\n<h3>Rummelplatz bei Nacht<\/h3>\n<p><img decoding=\"async\" class=\"alignnone wp-image-53618\" src=\"https:\/\/marbellawohnen.com\/wp-content\/uploads\/2023\/06\/feria-marbella.jpg\" sizes=\"(max-width: 277px) 100vw, 277px\" srcset=\"https:\/\/marbellawohnen.com\/wp-content\/uploads\/2023\/06\/feria-marbella.jpg 300w, https:\/\/marbellawohnen.com\/wp-content\/uploads\/2023\/06\/feria-marbella.jpg 768w, https:\/\/marbellawohnen.com\/wp-content\/uploads\/2023\/06\/feria-marbella.jpg 1000w\" alt=\"\" \/>\u00a0<img decoding=\"async\" class=\"alignnone wp-image-53784\" src=\"https:\/\/marbellawohnen.com\/wp-content\/uploads\/2023\/06\/Iluminacion_recinto_ferial.jpg\" sizes=\"(max-width: 227px) 100vw, 227px\" srcset=\"https:\/\/marbellawohnen.com\/wp-content\/uploads\/2023\/06\/Iluminacion_recinto_ferial.jpg 951w, https:\/\/marbellawohnen.com\/wp-content\/uploads\/2023\/06\/Iluminacion_recinto_ferial.jpg 150w\" alt=\"\" \/>\u00a0<img decoding=\"async\" class=\"alignnone wp-image-53619\" src=\"https:\/\/marbellawohnen.com\/wp-content\/uploads\/2023\/06\/marbella-0.jpg\" sizes=\"(max-width: 263px) 100vw, 263px\" srcset=\"https:\/\/marbellawohnen.com\/wp-content\/uploads\/2023\/06\/marbella-0.jpg 300w, https:\/\/marbellawohnen.com\/wp-content\/uploads\/2023\/06\/marbella-0.jpg 1024w, https:\/\/marbellawohnen.com\/wp-content\/uploads\/2023\/06\/marbella-0.jpg 768w, https:\/\/marbellawohnen.com\/wp-content\/uploads\/2023\/06\/marbella-0.jpg 1200w\" alt=\"\" \/><\/p>\n<p><span style=\"color: #003366;\">Die neue Fl\u00e4che von fast 40.000 Quadratmetern f\u00fcr das Nachtgel\u00e4nde der San Bernab\u00e9-Feria und der Feierlichkeiten liegt unterhalb der AP-7, zwischen dem Fu\u00dfballplatz Luis Teruel und Arroyo Segundo, in der N\u00e4he der Unterf\u00fchrung, die zum C.C. f\u00fchrt. La Ca\u00f1ada.<\/span><\/p>\n<p><span style=\"color: #003366;\"><em><strong>Weitere Informationen finden Sie unter folgendem Link:<\/strong><\/em><\/span><\/p>\n<h4><a href=\"https:\/\/www.marbella.es\/agenda\/fiestas\/feria-y-fiestas-de-san-bernabe.html\" target=\"_blank\" rel=\"noopener\"><em><strong>Programm der Feria und Festivit\u00e4ten von San Bernab\u00e9 Marbella 2025<\/strong><\/em><\/a><\/h4>\n<\/blockquote>\n<div class=\"oembed\"><iframe title=\"MARBELLA, Spain: FERIA de San Bernab\u00e9 2024 fiesta de d\u00eda party 8 junio 2024\" src=\"https:\/\/www.youtube.com\/embed\/1z-L1nwKGMA?feature=oembed\" frameborder=\"0\" allowfullscreen=\"allowfullscreen\" data-mce-fragment=\"1\"><\/iframe><\/div>\n<div class=\"oembed\"><iframe title=\"Marbella Feria de San Bernab\u00e9 2023 - Costa del Sol, Spain 4K immersive virtual walking tour\" src=\"https:\/\/www.youtube.com\/embed\/p_pwDiC0FuI?feature=oembed\" frameborder=\"0\" allowfullscreen=\"allowfullscreen\" data-mce-fragment=\"1\"><\/iframe><\/div>\n<blockquote>\n<h4 align=\"center\"><span lang=\"en-US\"><a href=\"https:\/\/marbellawohnen.com\/de\/\"><img decoding=\"async\" class=\" wp-image-33122 alignleft\" src=\"https:\/\/marbellawohnen.com\/wp-content\/uploads\/2021\/08\/logo-marbella-whonen-1-copia-1.jpg\" sizes=\"(max-width: 265px) 100vw, 265px\" srcset=\"https:\/\/marbellawohnen.com\/wp-content\/uploads\/2021\/08\/logo-marbella-whonen-1-copia-1.jpg 300w, https:\/\/marbellawohnen.com\/wp-content\/uploads\/2021\/08\/logo-marbella-whonen-1-copia-1.jpg 768w, https:\/\/marbellawohnen.com\/wp-content\/uploads\/2021\/08\/logo-marbella-whonen-1-copia-1.jpg 800w\" alt=\"\" \/><\/a><\/span><\/h4>\n<h4 align=\"center\"><span lang=\"en-US\"><strong>Wir sind kompetente Experten in allen Bereichen der Immobilienbranche<\/strong><\/span><\/h4>\n<h4 align=\"center\"><strong>35 Jahre Immobilien Erfahrung am Markt von Marbella<\/strong><\/h4>\n<h4><a href=\"https:\/\/marbellawohnen.com\/de\/\"><strong>Marbella WOHNEN Immobilien<\/strong><\/a><\/h4>\n<h4><a href=\"https:\/\/marbellawohnen.com\/de\/contact\/\"><strong>Kontaktieren Sie uns<\/strong><\/a><\/h4>\n<\/blockquote>\n<p><\/p>","protected":false},"excerpt":{"rendered":"<p>Marbella-Feria 2025 Feierlichkeiten von San Bernabe Jedes Jahr wird die Stadt Marbella mit der Feier des San Bernab\u00e9 Festivals voller Leben und Farbe, einem aufregenden Ereignis, das Tausende von Menschen aus der ganzen Region anzieht. Dieses Festival findet im Juni statt und ist eine einzigartige Gelegenheit, die reiche Kultur und Tradition der Stadt sowie eine [&hellip;]<\/p>\n","protected":false},"author":2,"featured_media":50803,"comment_status":"open","ping_status":"open","sticky":false,"template":"","format":"standard","meta":{"_acf_changed":false,"footnotes":""},"categories":[1],"tags":[],"class_list":["post-50789","post","type-post","status-publish","format-standard","has-post-thumbnail","hentry","category-sin-categoria"],"acf":[],"_links":{"self":[{"href":"https:\/\/marbellawohnen.com\/de\/wp-json\/wp\/v2\/posts\/50789","targetHints":{"allow":["GET"]}}],"collection":[{"href":"https:\/\/marbellawohnen.com\/de\/wp-json\/wp\/v2\/posts"}],"about":[{"href":"https:\/\/marbellawohnen.com\/de\/wp-json\/wp\/v2\/types\/post"}],"author":[{"embeddable":true,"href":"https:\/\/marbellawohnen.com\/de\/wp-json\/wp\/v2\/users\/2"}],"replies":[{"embeddable":true,"href":"https:\/\/marbellawohnen.com\/de\/wp-json\/wp\/v2\/comments?post=50789"}],"version-history":[{"count":10,"href":"https:\/\/marbellawohnen.com\/de\/wp-json\/wp\/v2\/posts\/50789\/revisions"}],"predecessor-version":[{"id":51553,"href":"https:\/\/marbellawohnen.com\/de\/wp-json\/wp\/v2\/posts\/50789\/revisions\/51553"}],"wp:featuredmedia":[{"embeddable":true,"href":"https:\/\/marbellawohnen.com\/de\/wp-json\/wp\/v2\/media\/50803"}],"wp:attachment":[{"href":"https:\/\/marbellawohnen.com\/de\/wp-json\/wp\/v2\/media?parent=50789"}],"wp:term":[{"taxonomy":"category","embeddable":true,"href":"https:\/\/marbellawohnen.com\/de\/wp-json\/wp\/v2\/categories?post=50789"},{"taxonomy":"post_tag","embeddable":true,"href":"https:\/\/marbellawohnen.com\/de\/wp-json\/wp\/v2\/tags?post=50789"}],"curies":[{"name":"wp","href":"https:\/\/api.w.org\/{rel}","templated":true}]}}