{"id":57584,"date":"2026-03-28T18:31:44","date_gmt":"2026-03-28T17:31:44","guid":{"rendered":"https:\/\/marbellawohnen.com\/?p=57584"},"modified":"2026-03-29T12:55:03","modified_gmt":"2026-03-29T10:55:03","slug":"marbella-design-art-a-high-design-event-in-marbella","status":"publish","type":"post","link":"https:\/\/marbellawohnen.com\/de\/marbella-design-art-a-high-design-event-in-marbella\/","title":{"rendered":"Marbella Design &#038; Art \u201eEin Design-Highlight in Marbella\u201c"},"content":{"rendered":"<p><\/p>\n<div class=\"icon\" style=\"text-align: center;\">\u00a0 <a href=\"https:\/\/marbelladesignart.com\/\" target=\"_blank\" rel=\"noopener\"><img decoding=\"async\" class=\"alignnone aligncenter\" src=\"https:\/\/marbelladesignart.com\/wp-content\/uploads\/2024\/10\/MDA-Black-web.png\" alt=\"Del 19 al 29 de Marzo de 2026\" \/><\/a><\/div>\n<h2 style=\"text-align: center;\">Vom 19. bis 29. M\u00e4rz 2026<\/h2>\n<p><img loading=\"lazy\" decoding=\"async\" class=\"alignnone wp-image-57596 aligncenter\" src=\"https:\/\/marbellawohnen.com\/wp-content\/uploads\/2026\/03\/6-CON-N-STUDIO_01-copia-copia-1-600x165.jpg\" alt=\"\" width=\"851\" height=\"234\" srcset=\"https:\/\/marbellawohnen.com\/wp-content\/uploads\/2026\/03\/6-CON-N-STUDIO_01-copia-copia-1-600x165.jpg 600w, https:\/\/marbellawohnen.com\/wp-content\/uploads\/2026\/03\/6-CON-N-STUDIO_01-copia-copia-1.jpg 800w\" sizes=\"auto, (max-width: 851px) 100vw, 851px\" \/><\/p>\n<h2 style=\"text-align: center;\">Ausgabe 2026<\/h2>\n<h2 style=\"text-align: center;\"><strong>Eine Messe, die zeitgen\u00f6ssische Kunst und Innenarchitektur vereint<\/strong><\/h2>\n<p><img loading=\"lazy\" decoding=\"async\" class=\"wp-image-57597 aligncenter\" src=\"https:\/\/marbellawohnen.com\/wp-content\/uploads\/2026\/03\/2-marbelladesign-145-600x400.webp\" alt=\"\" width=\"851\" height=\"567\" srcset=\"https:\/\/marbellawohnen.com\/wp-content\/uploads\/2026\/03\/2-marbelladesign-145-600x400.webp 600w, https:\/\/marbellawohnen.com\/wp-content\/uploads\/2026\/03\/2-marbelladesign-145-1024x683.webp 1024w, https:\/\/marbellawohnen.com\/wp-content\/uploads\/2026\/03\/2-marbelladesign-145.webp 1200w\" sizes=\"auto, (max-width: 851px) 100vw, 851px\" \/><\/p>\n<p><span style=\"color: #003366;\">Elf Tage lang verwandelt sich das Adolfo-Su\u00e1rez-Konferenz- und Ausstellungszentrum in Marbella mit seinen \u00fcber 3.000 m\u00b2 gro\u00dfen, offenen Ausstellungsfl\u00e4chen dank eines innovativen und exklusiven Formats in die f\u00fchrende Plattform f\u00fcr zeitgen\u00f6ssische Kunst und Innenarchitektur.<\/span><\/p>\n<p><span style=\"color: #003366;\">Marbella Design bietet eine inspirierende Reise durch mehr als 50 Ausstellungsr\u00e4ume und pr\u00e4sentiert die neuesten Trends im Bereich Wohn- und Gewerbeimmobilien. Jeder Aussteller gestaltet und erweckt seinen Raum mit einer individuellen Gestaltungsvision zum Leben und verwendet dabei Produkte von \u00fcber 150 exklusiven Marken.<\/span><\/p>\n<p><span style=\"color: #003366;\">Marbella Design ist eine zukunftsorientierte Veranstaltung, die sich von den besten Aspekten der Gegenwart und Vergangenheit inspirieren l\u00e4sst und gleichzeitig an der Spitze innovativer Kunst und innovativer Designs steht.<\/span><\/p>\n<p><span style=\"color: #003366;\">Diese Messe vereint die herausragendsten Beitr\u00e4ge aus den Bereichen Innenarchitektur, Architektur und zeitgen\u00f6ssische Kunst und pr\u00e4sentiert \u00fcber 50 Ausstellungen auf 3.000 m\u00b2.<\/span><\/p>\n<p><img loading=\"lazy\" decoding=\"async\" class=\"alignnone wp-image-57599\" src=\"https:\/\/marbellawohnen.com\/wp-content\/uploads\/2026\/03\/ALFONSO-CASTELLON-PUYA_03-1-600x400.jpg\" alt=\"\" width=\"855\" height=\"570\" srcset=\"https:\/\/marbellawohnen.com\/wp-content\/uploads\/2026\/03\/ALFONSO-CASTELLON-PUYA_03-1-600x400.jpg 600w, https:\/\/marbellawohnen.com\/wp-content\/uploads\/2026\/03\/ALFONSO-CASTELLON-PUYA_03-1-1024x683.jpg 1024w, https:\/\/marbellawohnen.com\/wp-content\/uploads\/2026\/03\/ALFONSO-CASTELLON-PUYA_03-1.jpg 1600w\" sizes=\"auto, (max-width: 855px) 100vw, 855px\" \/><\/p>\n<div>\n<p><span style=\"color: #003366;\">Marbella Design &amp; Art ist eine nationale und internationale Design-, Innenarchitektur- und Kunstveranstaltung und zweifellos eines der wichtigsten Events an der Costa del Sol. Elf Tage lang verwandelt sie sich in einem innovativen und exklusiven Format in die f\u00fchrende Plattform f\u00fcr zeitgen\u00f6ssisches Interior Design und Kunst.<\/span><\/p>\n<p><span style=\"color: #003366;\">Marbella Design &amp; Art bietet eine inspirierende Reise durch \u00fcber 50 Ausstellungsr\u00e4ume und pr\u00e4sentiert die neuesten Trends im Wohn- und Gewerbebereich. Jeder Aussteller gestaltet und erweckt seinen Raum mit einer spezifischen Gestaltungsidee zum Leben und verwendet dabei St\u00fccke von \u00fcber 200 exklusiven Marken.<\/span><\/p>\n<\/div>\n<div><\/div>\n<div><img loading=\"lazy\" decoding=\"async\" class=\"alignnone wp-image-57623\" src=\"https:\/\/marbellawohnen.com\/wp-content\/uploads\/2026\/03\/asistentes-1.jpg\" alt=\"\" width=\"285\" height=\"334\" \/> <img loading=\"lazy\" decoding=\"async\" class=\"alignnone wp-image-57624\" src=\"https:\/\/marbellawohnen.com\/wp-content\/uploads\/2026\/03\/expositores-1.jpg\" alt=\"\" width=\"284\" height=\"333\" \/> <img loading=\"lazy\" decoding=\"async\" class=\"alignnone wp-image-57625\" src=\"https:\/\/marbellawohnen.com\/wp-content\/uploads\/2026\/03\/sponsors.jpg\" alt=\"\" width=\"285\" height=\"333\" \/><\/div>\n<h2><img loading=\"lazy\" decoding=\"async\" class=\"\" style=\"font-weight: inherit; text-wrap-mode: initial;\" src=\"https:\/\/marbelladesignart.com\/wp-content\/uploads\/2024\/11\/gc-studio-logo.jpg\" alt=\"Gc Studio Logo\" width=\"153\" height=\"90\" \/><span style=\"font-weight: inherit; text-wrap-mode: initial;\">Natuzzi By Gc Studio &#8211; Raices Del Sur<\/span><\/h2>\n<div>\n<div>\n<p><a href=\"mailto:info@gc-studio.es\">info@gc-studio.es<\/a> &#8211;\u00a0<a href=\"http:\/\/www.gc-studio.es\/\" target=\"_blank\" rel=\"noopener\">www.gc-studio.es<\/a><\/p>\n<p><img loading=\"lazy\" decoding=\"async\" class=\"wp-image-57602 alignright\" src=\"https:\/\/marbellawohnen.com\/wp-content\/uploads\/2026\/03\/NATUZZI-BY-G-C-STUDIO-1-copia-600x316.jpg\" alt=\"\" width=\"271\" height=\"143\" srcset=\"https:\/\/marbellawohnen.com\/wp-content\/uploads\/2026\/03\/NATUZZI-BY-G-C-STUDIO-1-copia-600x316.jpg 600w, https:\/\/marbellawohnen.com\/wp-content\/uploads\/2026\/03\/NATUZZI-BY-G-C-STUDIO-1-copia-1024x540.jpg 1024w, https:\/\/marbellawohnen.com\/wp-content\/uploads\/2026\/03\/NATUZZI-BY-G-C-STUDIO-1-copia.jpg 1199w\" sizes=\"auto, (max-width: 271px) 100vw, 271px\" \/><img loading=\"lazy\" decoding=\"async\" class=\"wp-image-57614 alignleft\" src=\"https:\/\/marbellawohnen.com\/wp-content\/uploads\/2026\/03\/gc-studio-imagen24-421x600.jpg\" alt=\"\" width=\"133\" height=\"190\" srcset=\"https:\/\/marbellawohnen.com\/wp-content\/uploads\/2026\/03\/gc-studio-imagen24-421x600.jpg 421w, https:\/\/marbellawohnen.com\/wp-content\/uploads\/2026\/03\/gc-studio-imagen24-719x1024.jpg 719w, https:\/\/marbellawohnen.com\/wp-content\/uploads\/2026\/03\/gc-studio-imagen24.jpg 800w\" sizes=\"auto, (max-width: 133px) 100vw, 133px\" \/><span style=\"color: #003366;\">Nur wenige Marken verk\u00f6rpern den mediterranen Lebensstil so perfekt wie Natuzzi. Auf der 7. Ausgabe der Marbella Design and Art Fair pr\u00e4sentierte das Team von GC STUDIO einen Stand, der die Regionen des s\u00fcdlichen Mittelmeers vereint und die St\u00e4rke Spaniens mit der Essenz Italiens im Einklang mit der Natur verbindet. Die Auswahl nat\u00fcrlicher Stoffe, das Spiel von Licht und Schatten sowie warme Farbt\u00f6ne wie Albero, erg\u00e4nzt durch Akzente in Gr\u00fcn und Gelb, schaffen ein einzigartiges Sinneserlebnis. GC STUDIO vereint Natur und Handwerkskunst und zollt damit der Sch\u00f6nheit des Mittelmeers Tribut.<\/span><\/p>\n<p>&nbsp;<\/p>\n<\/div>\n<div><\/div>\n<\/div>\n<div>\n<div class=\"elementor-column elementor-col-25 elementor-top-column elementor-element elementor-element-1dc8481\" data-id=\"1dc8481\" data-element_type=\"column\" data-e-type=\"column\">\n<div class=\"elementor-widget-wrap elementor-element-populated\">\n<div class=\"elementor-element elementor-element-5767cc5 elementor-widget elementor-widget-image-box\" data-id=\"5767cc5\" data-element_type=\"widget\" data-e-type=\"widget\" data-widget_type=\"image-box.default\">\n<div class=\"elementor-widget-container\" style=\"text-align: left;\">\n<figure class=\"image-box is-inview\" data-scroll=\"\" data-scroll-speed=\"\"><\/figure>\n<h2 class=\"image-box is-inview\"><img loading=\"lazy\" decoding=\"async\" class=\"\" src=\"https:\/\/marbelladesignart.com\/wp-content\/uploads\/2024\/11\/aisha-2024.jpg\" alt=\"Aisha 2024\" width=\"103\" height=\"64\" \/>Aisha by Paralela<\/h2>\n<figure data-scroll=\"\" data-scroll-speed=\"\"><span style=\"color: #003366;\"><strong style=\"text-align: left; text-wrap-mode: initial;\">Pedro Francisco \/ Alexia Mart\u00ednez &#8211; <\/strong><\/span><a style=\"text-align: left; text-wrap-mode: initial;\" href=\"mailto:info@paralela.es\" target=\"_blank\" rel=\"nofollow noopener\">info@paralela.es &#8211; <\/a><a style=\"text-align: left; text-wrap-mode: initial;\" href=\"https:\/\/www.paralela.es\/\" target=\"_blank\" rel=\"nofollow noopener\">www.paralela.es\u00a0<\/a><\/figure>\n<figure data-scroll=\"\" data-scroll-speed=\"\"><\/figure>\n<figure class=\"image-box is-inview\" data-scroll=\"\" data-scroll-speed=\"\"><img loading=\"lazy\" decoding=\"async\" class=\"wp-image-57618 alignright\" src=\"https:\/\/marbellawohnen.com\/wp-content\/uploads\/2026\/03\/PARALELA_01-1-600x400.jpg\" alt=\"\" width=\"271\" height=\"180\" srcset=\"https:\/\/marbellawohnen.com\/wp-content\/uploads\/2026\/03\/PARALELA_01-1-600x400.jpg 600w, https:\/\/marbellawohnen.com\/wp-content\/uploads\/2026\/03\/PARALELA_01-1-1024x683.jpg 1024w, https:\/\/marbellawohnen.com\/wp-content\/uploads\/2026\/03\/PARALELA_01-1.jpg 1199w\" sizes=\"auto, (max-width: 271px) 100vw, 271px\" \/><img loading=\"lazy\" decoding=\"async\" class=\"wp-image-57617 alignleft\" src=\"https:\/\/marbellawohnen.com\/wp-content\/uploads\/2026\/03\/imagen-paralela-2024-400x600.jpg\" alt=\"\" width=\"127\" height=\"191\" srcset=\"https:\/\/marbellawohnen.com\/wp-content\/uploads\/2026\/03\/imagen-paralela-2024-400x600.jpg 400w, https:\/\/marbellawohnen.com\/wp-content\/uploads\/2026\/03\/imagen-paralela-2024-683x1024.jpg 683w, https:\/\/marbellawohnen.com\/wp-content\/uploads\/2026\/03\/imagen-paralela-2024.jpg 800w\" sizes=\"auto, (max-width: 127px) 100vw, 127px\" \/><span style=\"color: #003366;\">Ein Raum, der als Dualit\u00e4t konzipiert ist und Begegnungspunkte sowie neue Synergien schafft. Ein Ausstellungsraum, der eine Vielzahl von Objekten beherbergt \u2013 von Mode und Textilien bis hin zu Wohnaccessoires \u2013, wobei das Produkt als Kunstwerk pr\u00e4sentiert wird. Ein Raum, der das Produkt und die Techniken seiner Herstellung respektiert und ein Zusammentreffen verschiedener Situationen erm\u00f6glicht, die das Verst\u00e4ndnis der Beziehung zwischen Raum und Nutzern f\u00f6rdern. Modernste Technologie trifft auf edelste Rohstoffe: Stein, Ton und Textilien. Ihre Kombination er\u00f6ffnet ein unendliches Spiel von M\u00f6glichkeiten und Texturen.<\/span><\/figure>\n<\/div>\n<p>&nbsp;<\/p>\n<\/div>\n<p>&nbsp;<\/p>\n<\/div>\n<\/div>\n<\/div>\n<h2><img loading=\"lazy\" decoding=\"async\" class=\"\" src=\"https:\/\/marbelladesignart.com\/wp-content\/uploads\/elementor\/thumbs\/cristina-puerta-logo-qf400cfc1zzqbrtq9r6gwxk9jf83axhymlwbxb5c2g.png\" alt=\"Cristina Puerta Logo\" width=\"204\" height=\"96\" \/>Neolith Y La Ebanisteria By Cristina Puerta Estudio<\/h2>\n<p><a href=\"mailto:hola@cristinapuertaestudio.com\" target=\"_blank\" rel=\"nofollow noopener\">hola@cristinapuertaestudio.com\u00a0 &#8211;\u00a0<\/a><a href=\"https:\/\/www.cristinapuertaestudio.com\/\" target=\"_blank\" rel=\"nofollow noopener\">www.cristinapuertaestudio.com<\/a><\/p>\n<p><img loading=\"lazy\" decoding=\"async\" class=\"wp-image-57620 alignright\" src=\"https:\/\/marbellawohnen.com\/wp-content\/uploads\/2026\/03\/NEOLITH-Y-LA-EBANISTERIA-BY-CRISTINA-PUERTA-3-600x409.jpg\" alt=\"\" width=\"271\" height=\"185\" srcset=\"https:\/\/marbellawohnen.com\/wp-content\/uploads\/2026\/03\/NEOLITH-Y-LA-EBANISTERIA-BY-CRISTINA-PUERTA-3-600x409.jpg 600w, https:\/\/marbellawohnen.com\/wp-content\/uploads\/2026\/03\/NEOLITH-Y-LA-EBANISTERIA-BY-CRISTINA-PUERTA-3-1024x697.jpg 1024w, https:\/\/marbellawohnen.com\/wp-content\/uploads\/2026\/03\/NEOLITH-Y-LA-EBANISTERIA-BY-CRISTINA-PUERTA-3.jpg 1175w\" sizes=\"auto, (max-width: 271px) 100vw, 271px\" \/><img loading=\"lazy\" decoding=\"async\" class=\" wp-image-57621 alignleft\" src=\"https:\/\/marbellawohnen.com\/wp-content\/uploads\/2026\/03\/cristina-puerta-imagen-2024-400x600.jpg\" alt=\"\" width=\"127\" height=\"191\" srcset=\"https:\/\/marbellawohnen.com\/wp-content\/uploads\/2026\/03\/cristina-puerta-imagen-2024-400x600.jpg 400w, https:\/\/marbellawohnen.com\/wp-content\/uploads\/2026\/03\/cristina-puerta-imagen-2024-683x1024.jpg 683w, https:\/\/marbellawohnen.com\/wp-content\/uploads\/2026\/03\/cristina-puerta-imagen-2024.jpg 800w\" sizes=\"auto, (max-width: 127px) 100vw, 127px\" \/><span style=\"color: #003366;\">Casa Yin ist ein Ort der inneren St\u00e4rke, ein Raum, in dem Sie die Eleganz und Sch\u00f6nheit einer Umgebung erleben k\u00f6nnen, die der Selbstfindung dient. Die geheimnisvolle und verf\u00fchrerische Atmosph\u00e4re, geschaffen durch die nat\u00fcrlichen und exotischen Oberfl\u00e4chen von Neolith, kombiniert mit eleganten und robusten M\u00f6beln voller raffinierter Details von Ebanister\u00eda, verstr\u00f6mt eine Aura von Raffinesse und Kraft. Das Schlafzimmer wird so zum perfekten Ort, um zu entspannen und sein volles Potenzial zu entfalten.<\/span><\/p>\n<p>&nbsp;<\/p>\n<p>&nbsp;<\/p>\n<h2><img loading=\"lazy\" decoding=\"async\" class=\"\" src=\"https:\/\/marbelladesignart.com\/wp-content\/uploads\/elementor\/thumbs\/logo-marisa-pzha89wpegk02ltenxkjvpu555v2st689ec1enz8ck.png\" alt=\"Logo Marisa\" width=\"140\" height=\"144\" \/>La Rayuela Casa Club by Marisa Gallo<\/h2>\n<p><a href=\"mailto:mg@interiorisimo.com\" target=\"_blank\" rel=\"nofollow noopener\">mg@interiorisimo.com &#8211;\u00a0<\/a><a href=\"https:\/\/www.interiorisimo.com\/mgallo\" target=\"_blank\" rel=\"nofollow noopener\">www.interiorisimo.com\/mgallo<\/a><\/p>\n<p><img loading=\"lazy\" decoding=\"async\" class=\"wp-image-57634 alignright\" src=\"https:\/\/marbellawohnen.com\/wp-content\/uploads\/2026\/03\/REKKER-Y-COBERTI-BY-MARISA-GALLO_01-600x400.jpg\" alt=\"\" width=\"271\" height=\"180\" srcset=\"https:\/\/marbellawohnen.com\/wp-content\/uploads\/2026\/03\/REKKER-Y-COBERTI-BY-MARISA-GALLO_01-600x400.jpg 600w, https:\/\/marbellawohnen.com\/wp-content\/uploads\/2026\/03\/REKKER-Y-COBERTI-BY-MARISA-GALLO_01-1024x683.jpg 1024w, https:\/\/marbellawohnen.com\/wp-content\/uploads\/2026\/03\/REKKER-Y-COBERTI-BY-MARISA-GALLO_01.jpg 1199w\" sizes=\"auto, (max-width: 271px) 100vw, 271px\" \/><img loading=\"lazy\" decoding=\"async\" class=\" wp-image-57635 alignleft\" src=\"https:\/\/marbellawohnen.com\/wp-content\/uploads\/2026\/03\/marisa-gallo-400x600.jpg\" alt=\"\" width=\"124\" height=\"186\" srcset=\"https:\/\/marbellawohnen.com\/wp-content\/uploads\/2026\/03\/marisa-gallo-400x600.jpg 400w, https:\/\/marbellawohnen.com\/wp-content\/uploads\/2026\/03\/marisa-gallo-683x1024.jpg 683w, https:\/\/marbellawohnen.com\/wp-content\/uploads\/2026\/03\/marisa-gallo.jpg 768w\" sizes=\"auto, (max-width: 124px) 100vw, 124px\" \/><span style=\"color: #003366;\">La Rayuela ist ein exklusiver Ort, der Luxus im Freien neu definiert. Konzipiert als \u201eClubhaus\u201c, ist es der ideale Ort, um mit Freunden zusammenzukommen, private Feiern auszurichten oder einfach nur zu entspannen. Jedes Detail ist auf Ihren Komfort ausgelegt und hilft Ihnen, dem Alltag zu entfliehen. Die Au\u00dfenk\u00fcche und die Pergola bilden das Herzst\u00fcck des Projekts. Hier k\u00f6nnen Sie zur Ruhe kommen, Zeit mit anderen verbringen und etwas wahrhaft Einzigartiges erleben \u2013 ein Ort, der zum Verweilen und Genie\u00dfen einl\u00e4dt.<\/span><\/p>\n<p>&nbsp;<\/p>\n<p>&nbsp;<\/p>\n<p style=\"text-align: center;\">\n<p>&nbsp;<\/p>\n<h2 style=\"text-align: center;\"><a href=\"https:\/\/marbelladesignart.com\/edicion-2026\/\" target=\"_blank\" rel=\"noopener\">Ausgabe 2026<\/a><\/h2>\n<p style=\"text-align: center;\"><a href=\"https:\/\/marbelladesignart.com\/edicion-2026\/\" target=\"_blank\" rel=\"noopener\"><span style=\"color: #003366;\"><strong>https:\/\/marbelladesignart.com\/edicion-2026\/<\/strong><\/span><\/a><\/p>\n<p style=\"text-align: center;\"><em><span style=\"color: #003366;\">Eine Messe, die die besten Vorschl\u00e4ge aus den Bereichen Innenarchitektur, Architektur und zeitgen\u00f6ssische Kunst zusammenbringt, mit mehr als 50 Vorschl\u00e4gen auf 3.000 m\u00b2<\/span><\/em><\/p>\n<p style=\"text-align: center;\"><em><strong><span style=\"color: #003366;\">Marbella Design &amp; Art ist eine zukunftsweisende Veranstaltung, die das Beste aus Gegenwart und Vergangenheit aufgreift und gleichzeitig die innovativsten und modernsten Designs und Kunstwerke der aktuellen Szene pr\u00e4sentiert.<\/span><\/strong><\/em><\/p>\n<p>&nbsp;<\/p>\n<p><iframe loading=\"lazy\" title=\"NEW! Spectacular modern luxury villa with panoramic sea views in La Quinta Benahavis Costa del Sol\" width=\"500\" height=\"281\" src=\"https:\/\/www.youtube.com\/embed\/VmVeJKluE1w?feature=oembed\" frameborder=\"0\" allow=\"accelerometer; autoplay; clipboard-write; encrypted-media; gyroscope; picture-in-picture; web-share\" referrerpolicy=\"strict-origin-when-cross-origin\" allowfullscreen><\/iframe><\/p>\n<div>\n<div class=\"elementor-column elementor-col-25 elementor-top-column elementor-element elementor-element-1dc8481\" data-id=\"1dc8481\" data-element_type=\"column\" data-e-type=\"column\">\n<div class=\"elementor-widget-wrap elementor-element-populated\">\n<div class=\"elementor-element elementor-element-5767cc5 elementor-widget elementor-widget-image-box\" data-id=\"5767cc5\" data-element_type=\"widget\" data-e-type=\"widget\" data-widget_type=\"image-box.default\">\n<div class=\"elementor-widget-container\" style=\"text-align: center;\">\n<div class=\"elementor-element elementor-element-6bad71c centrado elementor-widget elementor-widget-text-box\" data-id=\"6bad71c\" data-element_type=\"widget\" data-e-type=\"widget\" data-widget_type=\"text-box.default\">\n<div class=\"elementor-widget-container\">\n<div class=\"text-box is-inview\" data-scroll=\"\" data-scroll-speed=\"\">\n<p style=\"text-align: left;\"><a href=\"https:\/\/marbellawohnen.com\/de\/\"><strong><img loading=\"lazy\" decoding=\"async\" class=\"size-full wp-image-53932 alignleft\" src=\"https:\/\/marbellawohnen.com\/wp-content\/uploads\/2025\/09\/logo-marbella-whonen-1-copia-1-copia.jpg\" alt=\"\" width=\"370\" height=\"289\" \/><\/strong><\/a><span style=\"color: #003366;\"><em>Ein professioneller Berater sorgt daf\u00fcr, dass die Verhandlungen effektiv verlaufen<\/em><\/span><\/p>\n<p style=\"text-align: left;\"><span style=\"color: #003366;\">Bei\u00a0<strong>Marbella WOHNEN Immobilien<\/strong>\u00a0widmen wir uns dem Verkauf der prestigetr\u00e4chtigsten Immobilien in Marbella und Costa del Sol<\/span><\/p>\n<p style=\"text-align: left;\"><span style=\"color: #003366;\">Wir sind kompetente Experten in allen Bereichen der Immobilienbranche mit \u00fcber 35 Jahre Verkaufserfahrung am Markt von Marbella und Umgebung<\/span><\/p>\n<p><a href=\"https:\/\/marbellawohnen.com\/de\/\"><b>Marbella WOHNEN Immobilien<\/b><\/a><\/p>\n<p><a href=\"https:\/\/marbellawohnen.com\/de\/contact-us\/\"><b>Kontaktieren Sie uns<\/b><\/a><\/p>\n<\/div>\n<\/div>\n<\/div>\n<\/div>\n<\/div>\n<\/div>\n<\/div>\n<\/div>\n<div>\n<p>&nbsp;<\/p>\n<\/div>\n<p><\/p>","protected":false},"excerpt":{"rendered":"<p>\u00a0 Vom 19. bis 29. M\u00e4rz 2026 Ausgabe 2026 Eine Messe, die zeitgen\u00f6ssische Kunst und Innenarchitektur vereint Elf Tage lang verwandelt sich das Adolfo-Su\u00e1rez-Konferenz- und Ausstellungszentrum in Marbella mit seinen \u00fcber 3.000 m\u00b2 gro\u00dfen, offenen Ausstellungsfl\u00e4chen dank eines innovativen und exklusiven Formats in die f\u00fchrende Plattform f\u00fcr zeitgen\u00f6ssische Kunst und Innenarchitektur. Marbella Design bietet eine [&hellip;]<\/p>\n","protected":false},"author":2,"featured_media":57594,"comment_status":"open","ping_status":"open","sticky":false,"template":"","format":"standard","meta":{"_acf_changed":false,"footnotes":""},"categories":[1],"tags":[],"class_list":["post-57584","post","type-post","status-publish","format-standard","has-post-thumbnail","hentry","category-sin-categoria"],"acf":[],"_links":{"self":[{"href":"https:\/\/marbellawohnen.com\/de\/wp-json\/wp\/v2\/posts\/57584","targetHints":{"allow":["GET"]}}],"collection":[{"href":"https:\/\/marbellawohnen.com\/de\/wp-json\/wp\/v2\/posts"}],"about":[{"href":"https:\/\/marbellawohnen.com\/de\/wp-json\/wp\/v2\/types\/post"}],"author":[{"embeddable":true,"href":"https:\/\/marbellawohnen.com\/de\/wp-json\/wp\/v2\/users\/2"}],"replies":[{"embeddable":true,"href":"https:\/\/marbellawohnen.com\/de\/wp-json\/wp\/v2\/comments?post=57584"}],"version-history":[{"count":35,"href":"https:\/\/marbellawohnen.com\/de\/wp-json\/wp\/v2\/posts\/57584\/revisions"}],"predecessor-version":[{"id":57639,"href":"https:\/\/marbellawohnen.com\/de\/wp-json\/wp\/v2\/posts\/57584\/revisions\/57639"}],"wp:featuredmedia":[{"embeddable":true,"href":"https:\/\/marbellawohnen.com\/de\/wp-json\/wp\/v2\/media\/57594"}],"wp:attachment":[{"href":"https:\/\/marbellawohnen.com\/de\/wp-json\/wp\/v2\/media?parent=57584"}],"wp:term":[{"taxonomy":"category","embeddable":true,"href":"https:\/\/marbellawohnen.com\/de\/wp-json\/wp\/v2\/categories?post=57584"},{"taxonomy":"post_tag","embeddable":true,"href":"https:\/\/marbellawohnen.com\/de\/wp-json\/wp\/v2\/tags?post=57584"}],"curies":[{"name":"wp","href":"https:\/\/api.w.org\/{rel}","templated":true}]}}