{"id":49637,"date":"2025-04-24T22:52:06","date_gmt":"2025-04-24T20:52:06","guid":{"rendered":"https:\/\/stage.marbellawohnen.com\/?p=49637"},"modified":"2025-06-28T23:16:16","modified_gmt":"2025-06-28T21:16:16","slug":"property-of-the-month-april-2025-contemporary-luxury-villa-with-breathtaking-sea-views-in-the-exclusive-gated-community-of-el-madronal","status":"publish","type":"post","link":"https:\/\/marbellawohnen.com\/es\/property-of-the-month-april-2025-contemporary-luxury-villa-with-breathtaking-sea-views-in-the-exclusive-gated-community-of-el-madronal\/","title":{"rendered":"Propiedad del mes de abril de 2025: Villa de lujo contempor\u00e1nea con impresionantes vistas al mar en la exclusiva comunidad cerrada de El Madro\u00f1al"},"content":{"rendered":"<p><\/p>\n<h3 style=\"text-align: center;\"><span style=\"font-weight: 400;\">Bienvenido a una elegante obra maestra. Villa de lujo contempor\u00e1nea con impresionantes vistas al mar en la exclusiva comunidad cerrada de El Madro\u00f1al<\/span><\/h3>\n<p>&nbsp;<\/p>\n<p><span style=\"font-weight: 400;\">Nuestra <a href=\"https:\/\/marbellawohnen.com\/es\/properties\/modern-luxury-villa-with-breathtaking-views-of-the-mediterranean-sea\/\"><b>propiedad del mes de abril<\/b><\/a><\/span><span style=\"font-weight: 400;\">\u00a02025 es una elegante obra maestra. Villa de lujo contempor\u00e1nea con impresionantes vistas al mar en la exclusiva comunidad cerrada de El Madro\u00f1al<\/span><\/p>\n<p><span style=\"font-weight: 400;\">Esta lujosa propiedad est\u00e1 dise\u00f1ada para la vida moderna y adaptada al clima \u00fanico del sur de Espa\u00f1a.<\/span><\/p>\n<blockquote>\n<p style=\"text-align: left;\"><span style=\"font-weight: 400;\">Bienvenido al <\/span><span style=\"color: #003366;\"><b>lujo mediterr\u00e1neo<\/b><\/span><span style=\"font-weight: 400;\"> en una ubicaci\u00f3n privilegiada<\/span><\/p>\n<p style=\"text-align: left;\"><span style=\"font-weight: 400;\"><a href=\"https:\/\/marbellawohnen.com\/es\/properties\/modern-luxury-villa-with-breathtaking-views-of-the-mediterranean-sea\/\"><img loading=\"lazy\" decoding=\"async\" width=\"800\" height=\"485\" class=\"wp-image-49639 alignleft\" src=\"https:\/\/marbellawohnen.com\/wp-content\/uploads\/2025\/04\/ViallaSienna-_43-1.jpg\" alt=\"\" srcset=\"https:\/\/marbellawohnen.com\/wp-content\/uploads\/2025\/04\/ViallaSienna-_43-1.jpg 800w, https:\/\/marbellawohnen.com\/wp-content\/uploads\/2025\/04\/ViallaSienna-_43-1-512x310.jpg 512w\" sizes=\"auto, (max-width: 800px) 100vw, 800px\" \/><\/a><\/span><\/p>\n<p style=\"text-align: left;\"><span style=\"font-weight: 400;\">Lujosa casa contempor\u00e1nea en venta en la exclusiva urbanizaci\u00f3n privada de El Madro\u00f1al, una zona tranquila y codiciada en las colinas de Marbella. Esta villa ofrece un equilibrio perfecto entre dise\u00f1o moderno, confort e impresionantes vistas al Mediterr\u00e1neo. Dise\u00f1ada por AMES Architect, cada detalle refleja calidad, funcionalidad y una profunda conexi\u00f3n con el entorno.<\/span><\/p>\n<p style=\"text-align: left;\"><span style=\"font-weight: 400;\">Con ocho espaciosas habitaciones con ba\u00f1o privado y dos ba\u00f1os adicionales para invitados, la villa est\u00e1 dise\u00f1ada para la comodidad y el confort. Su distribuci\u00f3n di\u00e1fana conecta el sal\u00f3n y el comedor con una cocina Gaggenau de \u00faltima generaci\u00f3n, totalmente equipada con electrodom\u00e9sticos de \u00faltima generaci\u00f3n. Los techos altos y los amplios ventanales dejan entrar la luz natural, creando espacios luminosos y acogedores que enmarcan las vistas al mar. Una chimenea contempor\u00e1nea aporta calidez y estilo, convirtiendo el sal\u00f3n en un lugar perfecto para relajarse.<\/span><\/p>\n<p style=\"text-align: left;\"><span style=\"font-weight: 400;\">Los espacios exteriores son igualmente acogedores. Las amplias terrazas, tanto cubiertas como abiertas, ofrecen rincones ideales para cenar al aire libre o simplemente disfrutar de la tranquilidad del entorno. Una chimenea de gas empotrada a\u00f1ade un toque acogedor para las noches m\u00e1s frescas. La piscina infinita de doble tama\u00f1o, climatizada, con cubierta autom\u00e1tica y sistema de tratamiento de agua salada, se funde con el horizonte y ofrece vistas panor\u00e1micas del Mediterr\u00e1neo.<\/span><\/p>\n<p style=\"text-align: left;\"><span style=\"font-weight: 400;\"><img loading=\"lazy\" decoding=\"async\" width=\"350\" height=\"325\" class=\"size-full wp-image-49638 alignright\" src=\"https:\/\/marbellawohnen.com\/wp-content\/uploads\/2025\/04\/ViallaSienna-_17-1.jpg\" alt=\"\" \/>Dise\u00f1ada tanto para el entretenimiento como para la relajaci\u00f3n, la villa incluye una sala de cine privada, una bodega climatizada, un ba\u00f1o turco (hammam) y una sauna. Cada detalle ha sido cuidadosamente seleccionado para mejorar la experiencia de vida en esta casa, convirti\u00e9ndola en un espacio donde la comodidad y el ocio se fusionan a la perfecci\u00f3n.<\/span><\/p>\n<p style=\"text-align: left;\"><span style=\"font-weight: 400;\">La villa combina un dise\u00f1o moderno con la tranquilidad de la naturaleza, ofreciendo un estilo de vida relajado y conectado. Ya sea como residencia permanente o como escapada vacacional, es una oportunidad excepcional para disfrutar de uno de los lugares m\u00e1s bellos de Marbella.<\/span><\/p>\n<p style=\"text-align: left;\"><span style=\"font-weight: 400;\">\u00a0<\/span><\/p>\n<\/blockquote>\n<p><span style=\"color: #003366;\"><b>UBICACION<\/b><\/span><\/p>\n<p><span style=\"color: #003366;\"><b>El Madro\u00f1al<\/b> <span style=\"font-weight: 400;\">est\u00e1 a menos de 10 minutos en coche por la pintoresca carretera a Ronda, tanto por la carretera de la costa N-340 \/ A7 como por la autopista de peaje AP 7. El aeropuerto internacional de M\u00e1laga-Costa del Sol est\u00e1 a poco m\u00e1s de media hora en coche, mientras que Gibraltar y su aeropuerto est\u00e1n a una hora. Para quienes buscan todos los beneficios de la cercan\u00eda a las playas y servicios de Marbella y Puerto Ban\u00fas, con la tranquilidad y privacidad que ofrece el campo, El Madro\u00f1al cuenta con seguridad 24 horas, una amplia variedad de instalaciones deportivas en el entorno inmediato y algunas fant\u00e1sticas propiedades y parcelas para elegir.<\/span><\/span><\/p>\n<blockquote><p><img loading=\"lazy\" decoding=\"async\" width=\"500\" height=\"333\" class=\"alignnone wp-image-49641\" src=\"https:\/\/marbellawohnen.com\/wp-content\/uploads\/2025\/04\/ViallaSienna-_07-1.jpg\" alt=\"\" \/> <img loading=\"lazy\" decoding=\"async\" width=\"500\" height=\"333\" class=\"alignnone wp-image-49640\" src=\"https:\/\/marbellawohnen.com\/wp-content\/uploads\/2025\/04\/ViallaSienna-_04-1.jpg\" alt=\"\" \/><\/p><\/blockquote>\n<p><em><strong><a href=\"https:\/\/marbellawohnen.com\/es\/properties\/modern-luxury-villa-with-breathtaking-views-of-the-mediterranean-sea\/\"><span style=\"color: #003366;\">TOP! Villa de lujo moderna con impresionantes vistas al mar en El Madro\u00f1al Benahavis Marbella Costa del Sol &#8211; <span style=\"color: #800000;\">HN3705<\/span><\/span><\/a><\/strong><\/em><\/p>\n<p><iframe loading=\"lazy\" title=\"TOP! Modern Luxury Villa with Breathtaking sea views in El Madro\u00f1al Benahavis Marbella Costa del Sol\" width=\"500\" height=\"281\" src=\"https:\/\/www.youtube.com\/embed\/WYoZCNPSRW8?feature=oembed\" frameborder=\"0\" allow=\"accelerometer; autoplay; clipboard-write; encrypted-media; gyroscope; picture-in-picture; web-share\" referrerpolicy=\"strict-origin-when-cross-origin\" allowfullscreen><\/iframe><\/p>","protected":false},"excerpt":{"rendered":"<p>Bienvenido a una elegante obra maestra. Villa de lujo contempor\u00e1nea con impresionantes vistas al mar en la exclusiva comunidad cerrada de El Madro\u00f1al &nbsp; Nuestra propiedad del mes de abril\u00a02025 es una elegante obra maestra. Villa de lujo contempor\u00e1nea con impresionantes vistas al mar en la exclusiva comunidad cerrada de El Madro\u00f1al Esta lujosa propiedad [&hellip;]<\/p>\n","protected":false},"author":2,"featured_media":49629,"comment_status":"open","ping_status":"open","sticky":false,"template":"","format":"standard","meta":{"_acf_changed":false,"footnotes":""},"categories":[1],"tags":[],"class_list":["post-49637","post","type-post","status-publish","format-standard","has-post-thumbnail","hentry","category-sin-categoria"],"acf":[],"_links":{"self":[{"href":"https:\/\/marbellawohnen.com\/es\/wp-json\/wp\/v2\/posts\/49637","targetHints":{"allow":["GET"]}}],"collection":[{"href":"https:\/\/marbellawohnen.com\/es\/wp-json\/wp\/v2\/posts"}],"about":[{"href":"https:\/\/marbellawohnen.com\/es\/wp-json\/wp\/v2\/types\/post"}],"author":[{"embeddable":true,"href":"https:\/\/marbellawohnen.com\/es\/wp-json\/wp\/v2\/users\/2"}],"replies":[{"embeddable":true,"href":"https:\/\/marbellawohnen.com\/es\/wp-json\/wp\/v2\/comments?post=49637"}],"version-history":[{"count":7,"href":"https:\/\/marbellawohnen.com\/es\/wp-json\/wp\/v2\/posts\/49637\/revisions"}],"predecessor-version":[{"id":50485,"href":"https:\/\/marbellawohnen.com\/es\/wp-json\/wp\/v2\/posts\/49637\/revisions\/50485"}],"wp:featuredmedia":[{"embeddable":true,"href":"https:\/\/marbellawohnen.com\/es\/wp-json\/wp\/v2\/media\/49629"}],"wp:attachment":[{"href":"https:\/\/marbellawohnen.com\/es\/wp-json\/wp\/v2\/media?parent=49637"}],"wp:term":[{"taxonomy":"category","embeddable":true,"href":"https:\/\/marbellawohnen.com\/es\/wp-json\/wp\/v2\/categories?post=49637"},{"taxonomy":"post_tag","embeddable":true,"href":"https:\/\/marbellawohnen.com\/es\/wp-json\/wp\/v2\/tags?post=49637"}],"curies":[{"name":"wp","href":"https:\/\/api.w.org\/{rel}","templated":true}]}}