{"id":49773,"date":"2025-04-29T15:53:30","date_gmt":"2025-04-29T13:53:30","guid":{"rendered":"https:\/\/stage.marbellawohnen.com\/?p=49773"},"modified":"2025-06-28T23:15:14","modified_gmt":"2025-06-28T21:15:14","slug":"elevated-living-between-mountains-and-mediterranean","status":"publish","type":"post","link":"https:\/\/marbellawohnen.com\/es\/elevated-living-between-mountains-and-mediterranean\/","title":{"rendered":"Vida elevada entre las monta\u00f1as y el Mediterr\u00e1neo"},"content":{"rendered":"<p><\/p>\n<blockquote>\n<div class=\"dfd-spacer-module\" style=\"text-align: left;\" data-units=\"px\" data-wide_resolution=\"1280\" data-wide_size=\"10\" data-normal_resolution=\"1024\" data-normal_size=\"10\" data-tablet_resolution=\"800\" data-tablet_size=\"10\" data-mobile_resolution=\"480\" data-mobile_size=\"\">\n<div class=\"wpb_text_column wpb_content_element \">\n<div class=\"wpb_wrapper\">\n<h2 style=\"text-align: center;\">Vida entre la Monta\u00f1a y el Mediterr\u00e1neo<\/h2>\n<p style=\"text-align: left;\">Ubicadas en la parcela m\u00e1s alta de Real de La Quinta, <strong><a href=\"https:\/\/marbellawohnen.com\/es\/properties\/vista-lago-residences-luxury-villas-with-spectacular-views\/\">Vista Lago Residences<\/a><\/strong> es el lugar donde la tranquilidad de la monta\u00f1a se fusiona con la belleza costera. Despierta con el amanecer sobre el Mediterr\u00e1neo, pasa las tardes explorando la naturaleza y termina el d\u00eda con una puesta de sol sobre la Sierra de las Nieves.<\/p>\n<\/div>\n<\/div>\n<\/div>\n<div class=\"dfd-spacer-module\" style=\"text-align: left;\" data-units=\"px\" data-wide_resolution=\"1280\" data-wide_size=\"20\" data-normal_resolution=\"1024\" data-normal_size=\"20\" data-tablet_resolution=\"800\" data-tablet_size=\"20\" data-mobile_resolution=\"480\" data-mobile_size=\"\"><img loading=\"lazy\" decoding=\"async\" width=\"1440\" height=\"762\" class=\"alignnone wp-image-49774\" src=\"https:\/\/marbellawohnen.com\/wp-content\/uploads\/2025\/04\/Terrace-3.jpg.jpg\" alt=\"\" srcset=\"https:\/\/marbellawohnen.com\/wp-content\/uploads\/2025\/04\/Terrace-3.jpg.jpg 1440w, https:\/\/marbellawohnen.com\/wp-content\/uploads\/2025\/04\/Terrace-3.jpg-600x318.jpg 600w, https:\/\/marbellawohnen.com\/wp-content\/uploads\/2025\/04\/Terrace-3.jpg-1024x542.jpg 1024w\" sizes=\"auto, (max-width: 1440px) 100vw, 1440px\" \/><\/div>\n<div class=\"wpb_text_column wpb_content_element nitro-offscreen\" style=\"text-align: left;\">\n<div class=\"wpb_wrapper\">\n<p class=\"p1\">Cada villa est\u00e1 dise\u00f1ada para una vida interior y exterior sin interrupciones, con privacidad y vistas impresionantes en todas direcciones. Bienvenido a Vista Lago, donde la vida en la monta\u00f1a es solo el comienzo.<\/p>\n<h2 style=\"text-align: center;\">Ubicaci\u00f3n y Vistas<\/h2>\n<p>La ubicaci\u00f3n es la clave del \u00e9xito de Vista Lago. Situadas en las colinas sobre Marbella, en la urbanizaci\u00f3n Real de La Quinta, las villas ofrecen amplias vistas al mar Mediterr\u00e1neo y la Costa del Sol, que se extienden hasta Gibraltar y \u00c1frica. Esta excepcional ubicaci\u00f3n combina la belleza de la naturaleza con una posici\u00f3n estrat\u00e9gica a solo 15 minutos del centro de Marbella.<\/p>\n<\/div>\n<\/div>\n<div class=\"dfd-spacer-module nitro-offscreen\" style=\"text-align: left;\" data-units=\"px\" data-wide_resolution=\"1280\" data-wide_size=\"10\" data-normal_resolution=\"1024\" data-normal_size=\"10\" data-tablet_resolution=\"800\" data-tablet_size=\"10\" data-mobile_resolution=\"480\" data-mobile_size=\"\"><img loading=\"lazy\" decoding=\"async\" width=\"1200\" height=\"680\" class=\"alignnone wp-image-49809\" src=\"https:\/\/marbellawohnen.com\/wp-content\/uploads\/2025\/04\/6-1.jpg\" alt=\"\" srcset=\"https:\/\/marbellawohnen.com\/wp-content\/uploads\/2025\/04\/6-1.jpg 1200w, https:\/\/marbellawohnen.com\/wp-content\/uploads\/2025\/04\/6-1-512x290.jpg 512w, https:\/\/marbellawohnen.com\/wp-content\/uploads\/2025\/04\/6-1-1024x580.jpg 1024w\" sizes=\"auto, (max-width: 1200px) 100vw, 1200px\" \/><\/div>\n<h2 style=\"text-align: center;\">Comodidades<\/h2>\n<p style=\"text-align: left;\">Vista Lago forma parte del club de campo residencial de Real de la Quinta, mucho m\u00e1s grande, que se extiende a lo largo de 200 hect\u00e1reas. Los residentes tienen acceso a una gama de instalaciones excepcionales, incluyendo un lago de 35.000 metros cuadrados con playa, deportes acu\u00e1ticos, club de tenis, campo de golf, centro de bienestar y hotel boutique. Adem\u00e1s, numerosas actividades culturales, comerciales y de ocio se encuentran a poca distancia en coche.<\/p>\n<div class=\"dfd-spacer-module nitro-offscreen\" style=\"text-align: left;\" data-units=\"px\" data-wide_resolution=\"1280\" data-wide_size=\"10\" data-normal_resolution=\"1024\" data-normal_size=\"10\" data-tablet_resolution=\"800\" data-tablet_size=\"10\" data-mobile_resolution=\"480\" data-mobile_size=\"\"><\/div>\n<div style=\"text-align: left;\" data-units=\"px\" data-wide_resolution=\"1280\" data-wide_size=\"10\" data-normal_resolution=\"1024\" data-normal_size=\"10\" data-tablet_resolution=\"800\" data-tablet_size=\"10\" data-mobile_resolution=\"480\" data-mobile_size=\"\"><img loading=\"lazy\" decoding=\"async\" width=\"1000\" height=\"575\" class=\"alignnone wp-image-50255\" src=\"https:\/\/marbellawohnen.com\/wp-content\/uploads\/2025\/04\/El-Lago-Club-copia.jpg\" alt=\"\" srcset=\"https:\/\/marbellawohnen.com\/wp-content\/uploads\/2025\/04\/El-Lago-Club-copia.jpg 1000w, https:\/\/marbellawohnen.com\/wp-content\/uploads\/2025\/04\/El-Lago-Club-copia-512x294.jpg 512w\" sizes=\"auto, (max-width: 1000px) 100vw, 1000px\" \/><\/div>\n<h2 style=\"text-align: center;\">Privacidad y seguridad<\/h2>\n<p style=\"text-align: left;\">La privacidad y la seguridad son fundamentales para la urbanizaci\u00f3n. Vista Lago es una comunidad cerrada dentro de una comunidad cerrada. Cada villa ha sido dise\u00f1ada individualmente, con tecnolog\u00eda de seguridad de vanguardia que garantiza que ninguna propiedad sea vista por sus vecinos. Este alto nivel de seguridad ofrece a los residentes total tranquilidad y exclusividad.<\/p>\n<div class=\"dfd-spacer-module nitro-offscreen\" style=\"text-align: left;\" data-units=\"px\" data-wide_resolution=\"1280\" data-wide_size=\"10\" data-normal_resolution=\"1024\" data-normal_size=\"10\" data-tablet_resolution=\"800\" data-tablet_size=\"10\" data-mobile_resolution=\"480\" data-mobile_size=\"\"><img loading=\"lazy\" decoding=\"async\" width=\"1200\" height=\"680\" class=\"alignnone wp-image-49834\" src=\"https:\/\/marbellawohnen.com\/wp-content\/uploads\/2025\/04\/31.jpg\" alt=\"\" srcset=\"https:\/\/marbellawohnen.com\/wp-content\/uploads\/2025\/04\/31.jpg 1200w, https:\/\/marbellawohnen.com\/wp-content\/uploads\/2025\/04\/31-512x290.jpg 512w, https:\/\/marbellawohnen.com\/wp-content\/uploads\/2025\/04\/31-1024x580.jpg 1024w\" sizes=\"auto, (max-width: 1200px) 100vw, 1200px\" \/><\/div>\n<div style=\"text-align: left;\" data-units=\"px\" data-wide_resolution=\"1280\" data-wide_size=\"10\" data-normal_resolution=\"1024\" data-normal_size=\"10\" data-tablet_resolution=\"800\" data-tablet_size=\"10\" data-mobile_resolution=\"480\" data-mobile_size=\"\"><\/div>\n<h2 style=\"text-align: center;\">Sostenibilidad y tecnolog\u00eda<\/h2>\n<p style=\"text-align: left;\">Tanto Vista Lago como su urbanizaci\u00f3n matriz, Real de La Quinta, se basan en la sostenibilidad. Con la certificaci\u00f3n BREEAM otorgada a Real de La Quinta, y Vista Lago en proceso de obtener la suya propia, la urbanizaci\u00f3n cumple con los est\u00e1ndares internacionales de construcci\u00f3n ecol\u00f3gica. Todas las villas son casas inteligentes equipadas con sistemas avanzados de seguridad, iluminaci\u00f3n, m\u00fasica, calefacci\u00f3n y aire acondicionado, lo que garantiza un estilo de vida c\u00f3modo y sostenible.<\/p>\n<div class=\"dfd-spacer-module nitro-offscreen\" style=\"text-align: left;\" data-units=\"px\" data-wide_resolution=\"1280\" data-wide_size=\"10\" data-normal_resolution=\"1024\" data-normal_size=\"10\" data-tablet_resolution=\"800\" data-tablet_size=\"10\" data-mobile_resolution=\"480\" data-mobile_size=\"\"><img loading=\"lazy\" decoding=\"async\" width=\"1200\" height=\"680\" class=\"alignnone wp-image-49835\" src=\"https:\/\/marbellawohnen.com\/wp-content\/uploads\/2025\/04\/32.jpg\" alt=\"\" srcset=\"https:\/\/marbellawohnen.com\/wp-content\/uploads\/2025\/04\/32.jpg 1200w, https:\/\/marbellawohnen.com\/wp-content\/uploads\/2025\/04\/32-512x290.jpg 512w, https:\/\/marbellawohnen.com\/wp-content\/uploads\/2025\/04\/32-1024x580.jpg 1024w\" sizes=\"auto, (max-width: 1200px) 100vw, 1200px\" \/><\/div>\n<div class=\"wpb_text_column wpb_content_element nitro-offscreen\" style=\"text-align: left;\">\n<div class=\"wpb_wrapper\">\n<h2 style=\"text-align: center;\">Personalizaci\u00f3n<\/h2>\n<p>Vivir de lujo en Vista Lago significa disfrutar de un hogar que refleja los gustos individuales. El desarrollo ofrece amplias opciones de personalizaci\u00f3n a medida. Los compradores pueden participar en cada detalle del dise\u00f1o y los acabados. Desde ba\u00f1os turcos y saunas hasta oficinas en casa totalmente equipadas o salas de entretenimiento, las posibilidades de personalizaci\u00f3n son amplias y variadas.<\/p>\n<\/div>\n<\/div>\n<div class=\"dfd-spacer-module nitro-offscreen\" style=\"text-align: left;\" data-units=\"px\" data-wide_resolution=\"1280\" data-wide_size=\"10\" data-normal_resolution=\"1024\" data-normal_size=\"10\" data-tablet_resolution=\"800\" data-tablet_size=\"10\" data-mobile_resolution=\"480\" data-mobile_size=\"\"><img loading=\"lazy\" decoding=\"async\" width=\"1200\" height=\"750\" class=\"alignnone wp-image-49838\" src=\"https:\/\/marbellawohnen.com\/wp-content\/uploads\/2025\/04\/35.jpg\" alt=\"\" srcset=\"https:\/\/marbellawohnen.com\/wp-content\/uploads\/2025\/04\/35.jpg 1200w, https:\/\/marbellawohnen.com\/wp-content\/uploads\/2025\/04\/35-512x320.jpg 512w, https:\/\/marbellawohnen.com\/wp-content\/uploads\/2025\/04\/35-1024x640.jpg 1024w\" sizes=\"auto, (max-width: 1200px) 100vw, 1200px\" \/><\/div>\n<h2 style=\"text-align: center;\">Dise\u00f1o de Clase Mundial<\/h2>\n<p style=\"text-align: left;\">La singularidad de <strong><a href=\"https:\/\/marbellawohnen.com\/es\/properties\/vista-lago-residences-luxury-villas-with-spectacular-views\/\">Vista Lago Residences<\/a><\/strong> reside en su dise\u00f1o de clase mundial. Las villas son el resultado de un esfuerzo colaborativo que combina la visi\u00f3n de arquitectos innovadores con una construcci\u00f3n y acabados meticulosos. El estilo adopta un minimalismo de lujo adaptado a un clima c\u00e1lido, donde la vida interior y exterior se integran. Los amplios ventanales de suelo a techo garantizan que cada espacio habitable est\u00e9 ba\u00f1ado de luz natural y que las magn\u00edficas vistas sean el punto focal de cada vivienda.<\/p>\n<div class=\"dfd-spacer-module nitro-offscreen\" style=\"text-align: left;\" data-units=\"px\" data-wide_resolution=\"1280\" data-wide_size=\"10\" data-normal_resolution=\"1024\" data-normal_size=\"10\" data-tablet_resolution=\"800\" data-tablet_size=\"10\" data-mobile_resolution=\"480\" data-mobile_size=\"\"><img decoding=\"async\" id=\"MTYyNzo5MTA=-1\" class=\"vc_single_image-img attachment-full lazyloaded\" title=\"elevated-living-at-vista-lago-7\" src=\"https:\/\/cdn-anlmm.nitrocdn.com\/SrLbbwlTbhnvhzxzDsdjYeZYdiuHrMyx\/assets\/images\/optimized\/rev-0c57f1c\/by-bright.com\/wp-content\/uploads\/2025\/03\/elevated-living-at-vista-lago-7.jpg\" sizes=\"auto, (max-width: 1200px) 100vw, 1200px\" srcset=\"https:\/\/cdn-anlmm.nitrocdn.com\/SrLbbwlTbhnvhzxzDsdjYeZYdiuHrMyx\/assets\/images\/optimized\/rev-0c57f1c\/by-bright.com\/wp-content\/uploads\/2025\/03\/elevated-living-at-vista-lago-7.jpg 1200w, https:\/\/cdn-anlmm.nitrocdn.com\/SrLbbwlTbhnvhzxzDsdjYeZYdiuHrMyx\/assets\/images\/optimized\/rev-0c57f1c\/by-bright.com\/wp-content\/uploads\/2025\/03\/elevated-living-at-vista-lago-7.jpg 300w, https:\/\/cdn-anlmm.nitrocdn.com\/SrLbbwlTbhnvhzxzDsdjYeZYdiuHrMyx\/assets\/images\/optimized\/rev-0c57f1c\/by-bright.com\/wp-content\/uploads\/2025\/03\/elevated-living-at-vista-lago-7.jpg 1024w, https:\/\/cdn-anlmm.nitrocdn.com\/SrLbbwlTbhnvhzxzDsdjYeZYdiuHrMyx\/assets\/images\/optimized\/rev-0c57f1c\/by-bright.com\/wp-content\/uploads\/2025\/03\/elevated-living-at-vista-lago-7.jpg 768w, https:\/\/cdn-anlmm.nitrocdn.com\/SrLbbwlTbhnvhzxzDsdjYeZYdiuHrMyx\/assets\/images\/optimized\/rev-0c57f1c\/by-bright.com\/wp-content\/uploads\/2025\/03\/elevated-living-at-vista-lago-7.jpg 500w\" alt=\"Indoor and outdoor living merge together at Vista Lago\" \/><\/div>\n<div class=\"wpb_single_image wpb_content_element vc_align_center nitro-offscreen\" style=\"text-align: left;\">\n<div class=\"wpb_wrapper\"><\/div>\n<\/div>\n<div class=\"wpb_text_column wpb_content_element nitro-offscreen\" style=\"text-align: left;\">\n<div class=\"wpb_wrapper\">\n<p><strong><a href=\"https:\/\/marbellawohnen.com\/es\/properties\/vista-lago-residences-luxury-villas-with-spectacular-views\/\">Vista Lago Residences<\/a><\/strong> es m\u00e1s que una colecci\u00f3n de villas; es un proyecto visionario que redefine el lujo. Al combinar una ubicaci\u00f3n privilegiada, servicios excepcionales, seguridad robusta, pr\u00e1cticas sostenibles, tecnolog\u00eda avanzada y personalizaci\u00f3n a medida, establece un nuevo est\u00e1ndar en la vida de lujo. Para quienes saben qu\u00e9 buscan en una casa y d\u00f3nde vivir, Vista Lago ofrece una irresistible invitaci\u00f3n a invertir en un futuro seguro y atractivo.<\/p>\n<h4 style=\"text-align: center;\"><em><strong>Para m\u00e1s informaci\u00f3n, contacte con el equipo de ventas de Marbella WOHNEN llamando al (+34) 660 179 168 o escribiendo a info@marbellawohnen.com<\/strong><\/em><\/h4>\n<\/div>\n<\/div>\n<h4 style=\"text-align: left;\"><b><a href=\"https:\/\/marbellawohnen.com\/es\/\"><img decoding=\"async\" class=\"size-full wp-image-59062 alignleft\" src=\"https:\/\/marbellawohnen.com\/wp-content\/uploads\/2023\/11\/logo-marbella-whonen_Mesa-de-trabajo-1-copia1.jpg\" alt=\"\" \/><\/a><\/b><\/h4>\n<h4 style=\"text-align: left;\"><strong>En Marbella WOHNEN Immobilien nos dedicamos a la venta de las propiedades m\u00e1s prestigiosas de Marbella y la Costa del Sol<\/strong><\/h4>\n<h4 style=\"text-align: left;\"><strong>Si est\u00e1 pensando en comprar una villa de lujo en Marbella, siempre puede contactar con nosotros sin compromiso. Somos expertos competentes en todas las \u00e1reas del sector inmobiliario<\/strong><\/h4>\n<h4 style=\"text-align: left;\"><strong>M\u00e1s de 35 a\u00f1os de experiencia inmobiliaria en el mercado de Marbella<\/strong><\/h4>\n<h4 style=\"text-align: center;\"><a href=\"https:\/\/marbellawohnen.com\/es\/contact\/\"><strong>Marbella WOHNEN Immobilien<\/strong><\/a><\/h4>\n<h4 style=\"text-align: center;\"><a href=\"https:\/\/marbellawohnen.com\/es\/contact\/\"><strong>Cont\u00e1ctenos<\/strong><\/a><\/h4>\n<\/blockquote>\n<p><\/p>","protected":false},"excerpt":{"rendered":"<p>Vida entre la Monta\u00f1a y el Mediterr\u00e1neo Ubicadas en la parcela m\u00e1s alta de Real de La Quinta, Vista Lago Residences es el lugar donde la tranquilidad de la monta\u00f1a se fusiona con la belleza costera. Despierta con el amanecer sobre el Mediterr\u00e1neo, pasa las tardes explorando la naturaleza y termina el d\u00eda con una [&hellip;]<\/p>\n","protected":false},"author":2,"featured_media":49774,"comment_status":"open","ping_status":"open","sticky":false,"template":"","format":"standard","meta":{"_acf_changed":false,"footnotes":""},"categories":[1],"tags":[],"class_list":["post-49773","post","type-post","status-publish","format-standard","has-post-thumbnail","hentry","category-sin-categoria"],"acf":[],"_links":{"self":[{"href":"https:\/\/marbellawohnen.com\/es\/wp-json\/wp\/v2\/posts\/49773","targetHints":{"allow":["GET"]}}],"collection":[{"href":"https:\/\/marbellawohnen.com\/es\/wp-json\/wp\/v2\/posts"}],"about":[{"href":"https:\/\/marbellawohnen.com\/es\/wp-json\/wp\/v2\/types\/post"}],"author":[{"embeddable":true,"href":"https:\/\/marbellawohnen.com\/es\/wp-json\/wp\/v2\/users\/2"}],"replies":[{"embeddable":true,"href":"https:\/\/marbellawohnen.com\/es\/wp-json\/wp\/v2\/comments?post=49773"}],"version-history":[{"count":34,"href":"https:\/\/marbellawohnen.com\/es\/wp-json\/wp\/v2\/posts\/49773\/revisions"}],"predecessor-version":[{"id":51554,"href":"https:\/\/marbellawohnen.com\/es\/wp-json\/wp\/v2\/posts\/49773\/revisions\/51554"}],"wp:featuredmedia":[{"embeddable":true,"href":"https:\/\/marbellawohnen.com\/es\/wp-json\/wp\/v2\/media\/49774"}],"wp:attachment":[{"href":"https:\/\/marbellawohnen.com\/es\/wp-json\/wp\/v2\/media?parent=49773"}],"wp:term":[{"taxonomy":"category","embeddable":true,"href":"https:\/\/marbellawohnen.com\/es\/wp-json\/wp\/v2\/categories?post=49773"},{"taxonomy":"post_tag","embeddable":true,"href":"https:\/\/marbellawohnen.com\/es\/wp-json\/wp\/v2\/tags?post=49773"}],"curies":[{"name":"wp","href":"https:\/\/api.w.org\/{rel}","templated":true}]}}