{"id":50789,"date":"2025-06-01T19:49:12","date_gmt":"2025-06-01T17:49:12","guid":{"rendered":"https:\/\/stage.marbellawohnen.com\/?p=50789"},"modified":"2025-06-28T23:13:47","modified_gmt":"2025-06-28T21:13:47","slug":"marbella-fair-2025","status":"publish","type":"post","link":"https:\/\/marbellawohnen.com\/es\/marbella-fair-2025\/","title":{"rendered":"Feria de Marbella 2025"},"content":{"rendered":"<p><\/p>\n<blockquote>\n<h1>Feria de Marbella 2025<\/h1>\n<p><img loading=\"lazy\" decoding=\"async\" width=\"800\" height=\"1143\" class=\"alignnone size-medium wp-image-50790\" src=\"https:\/\/marbellawohnen.com\/wp-content\/uploads\/2025\/06\/cartelferia_n-copia-1.jpg\" alt=\"\" srcset=\"https:\/\/marbellawohnen.com\/wp-content\/uploads\/2025\/06\/cartelferia_n-copia-1.jpg 800w, https:\/\/marbellawohnen.com\/wp-content\/uploads\/2025\/06\/cartelferia_n-copia-1-358x512.jpg 358w, https:\/\/marbellawohnen.com\/wp-content\/uploads\/2025\/06\/cartelferia_n-copia-1-717x1024.jpg 717w\" sizes=\"auto, (max-width: 800px) 100vw, 800px\" \/><\/p>\n<h3>Fiestas de San Bernab\u00e9<\/h3>\n<p><span style=\"color: #003366;\">Cada a\u00f1o, la ciudad de Marbella se llena de vida y color con la celebraci\u00f3n de las Fiestas de San Bernab\u00e9, un evento emocionante que atrae a miles de personas de toda la regi\u00f3n. Esta festividad, que tiene lugar en junio, es una oportunidad \u00fanica para disfrutar de la rica cultura y tradici\u00f3n de la ciudad, junto con una gran variedad de actividades y eventos emocionantes.\u00a0<\/span><em><a href=\"https:\/\/www.marbella.es\/agenda\/fiestas\/feria-y-fiestas-de-san-bernabe.html\" target=\"_blank\" rel=\"noopener\"><strong>Programa<\/strong> Feria y Fiestas de San Bernab\u00e9 Marbella 2025<\/a><\/em><\/p>\n<p><span style=\"color: #003366;\">La Feria de Marbella se celebra cada mes de junio en honor de\u00a0<strong>San Bernab\u00e9<\/strong>, patr\u00f3n de la ciudad y es una visita obligada si te encuentras en Marbella.<\/span><\/p>\n<p><img decoding=\"async\" class=\"alignnone wp-image-53590\" src=\"https:\/\/marbellawohnen.com\/wp-content\/uploads\/2023\/06\/San-Bernabe.jpg\" sizes=\"(max-width: 239px) 100vw, 239px\" srcset=\"https:\/\/marbellawohnen.com\/wp-content\/uploads\/2023\/06\/San-Bernabe.jpg 200w, https:\/\/marbellawohnen.com\/wp-content\/uploads\/2023\/06\/San-Bernabe.jpg 683w\" alt=\"\" \/><\/p>\n<p><span style=\"color: #003366;\">\u00abEstas fiestas conmemoran la reconquista de Marbella por parte de los Reyes Cat\u00f3licos en 1485. Esta semana tanto turistas como ciudadanos disfrutan de todo el encanto de las tradicionales y coloridas fiestas andaluzas\u00bb.<\/span><\/p>\n<p><img decoding=\"async\" class=\"alignnone wp-image-53787\" src=\"https:\/\/marbellawohnen.com\/wp-content\/uploads\/2023\/06\/TGM8537.jpg\" alt=\"\" \/>\u00a0<img decoding=\"async\" class=\"alignnone wp-image-53786\" src=\"https:\/\/marbellawohnen.com\/wp-content\/uploads\/2023\/06\/FERIA00038.jpg\" alt=\"\" \/>\u00a0<img decoding=\"async\" class=\"alignnone wp-image-53785\" src=\"https:\/\/marbellawohnen.com\/wp-content\/uploads\/2023\/06\/FERIA00032.jpg\" alt=\"\" \/><\/p><\/blockquote>\n<div class=\"oembed\"><iframe title=\"Video fuegos artificiales inauguraci\u00f3n &quot;Feria y Fiestas de San Bernab\u00e9&quot;\" src=\"https:\/\/www.youtube.com\/embed\/Mff2rMGVLEg?feature=oembed\" frameborder=\"0\" allowfullscreen=\"allowfullscreen\" data-mce-fragment=\"1\"><\/iframe><\/div>\n<blockquote><p><span style=\"color: #003366;\">Las Fiestas de San Bernab\u00e9 tambi\u00e9n ofrecen una oportunidad \u00fanica para disfrutar de la rica cultura y tradici\u00f3n de Marbella. Los visitantes pueden participar en procesiones y misas solemnes, as\u00ed como en actividades culturales como exposiciones de arte, conciertos de m\u00fasica cl\u00e1sica y actuaciones de teatro y danza.<\/span><\/p>\n<p><span style=\"color: #003366;\"><strong>Este a\u00f1o 2025 regresa la <\/strong><b>Feria y Fiestas de San Bernab\u00e9 en Marbella<\/b><\/span><\/p>\n<p><img loading=\"lazy\" decoding=\"async\" width=\"400\" height=\"315\" class=\"alignnone wp-image-50791\" src=\"https:\/\/marbellawohnen.com\/wp-content\/uploads\/2025\/06\/GsG-PdPWYAAWB3E-copia-2.jpg\" alt=\"\" \/> <img loading=\"lazy\" decoding=\"async\" width=\"267\" height=\"189\" class=\"alignnone size-full wp-image-50792\" src=\"https:\/\/marbellawohnen.com\/wp-content\/uploads\/2025\/06\/images.jpg\" alt=\"\" \/><img loading=\"lazy\" decoding=\"async\" width=\"300\" height=\"225\" class=\"alignnone wp-image-50793\" src=\"https:\/\/marbellawohnen.com\/wp-content\/uploads\/2025\/06\/Gq_HQ9LWoAAi_Sn-copia-1.jpg\" alt=\"\" \/><\/p>\n<p><span style=\"color: #003366;\">El d\u00eda grande de la Feria de Marbella se celebra el 11 de junio, D\u00eda de San Bernab\u00e9, patr\u00f3n de la ciudad. La celebraci\u00f3n y diferentes actos se extienden aproximadamente durante unos 6 d\u00edas que pueden variar seg\u00fan el d\u00eda de la semana en que caiga el 11 de junio.<\/span><\/p>\n<p><span style=\"color: #003366;\">En 2025 la Feria de Marbella se extiende desde el <b>lunes d\u00eda 9 de junio hasta el martes, d\u00eda 15 de junio, siendo el d\u00eda grande el 11 de junio, San Bernab\u00e9<\/b>.<\/span><\/p>\n<p><img decoding=\"async\" class=\"wp-image-65510 aligncenter\" src=\"https:\/\/marbellawohnen.com\/wp-content\/uploads\/2024\/06\/Sevilla-Feria-Abril.jpg\" alt=\"\" \/><\/p>\n<p><span style=\"color: #003366;\">Sin embargo, el detonador de las fiestas es la\u00a0<b>Romer\u00eda de San Bernab\u00e9<\/b>\u00a0que tiene lugar el d\u00eda anterior o domingo anterior a la semana de Festejos.<\/span><\/p>\n<p><img decoding=\"async\" class=\"alignnone wp-image-65509\" src=\"https:\/\/marbellawohnen.com\/wp-content\/uploads\/2024\/06\/romeria-18.jpg\" alt=\"\" \/>\u00a0<img decoding=\"async\" class=\"alignnone wp-image-65508\" src=\"https:\/\/marbellawohnen.com\/wp-content\/uploads\/2024\/06\/romeria-17.jpg\" alt=\"\" \/>\u00a0<img decoding=\"async\" class=\"alignnone size-full wp-image-65507\" src=\"https:\/\/marbellawohnen.com\/wp-content\/uploads\/2024\/06\/romeria-15.jpg\" alt=\"\" \/><\/p>\n<p><span style=\"color: #003366;\">Aunque existen diferentes actos y actividades que tienen lugar en diferentes ubicaciones del municipio, existen dos ubicaciones principales para la celebraci\u00f3n de la Festividad de San Bernab\u00e9 en la localidad:<\/span><\/p>\n<h3>Espacio de la Feria de d\u00eda<\/h3>\n<p><span style=\"color: #003366;\">La m\u00fasica y el baile son fundamentales en las Fiestas de San Bernab\u00e9. Los visitantes pueden disfrutar de conciertos en vivo de diferentes g\u00e9neros musicales, desde la m\u00fasica tradicional andaluza hasta la m\u00fasica contempor\u00e1nea. Adem\u00e1s, las academias de baile de la regi\u00f3n ofrecen espectaculares actuaciones de danza flamenca y otros estilos.<\/span><\/p>\n<p><span style=\"color: #003366;\">La feria es otro de los aspectos m\u00e1s populares de las Fiestas de San Bernab\u00e9. Los visitantes pueden disfrutar de una gran variedad de atracciones mec\u00e1nicas, juegos y actividades l\u00fadicas para todos los gustos y edades. Adem\u00e1s, la feria cuenta con una gran variedad de puestos de comida y bebida donde se pueden degustar deliciosos platillos t\u00edpicos de la regi\u00f3n.<\/span><\/p>\n<p><img decoding=\"async\" class=\"alignnone wp-image-53776\" src=\"https:\/\/marbellawohnen.com\/wp-content\/uploads\/2023\/06\/FERIA65.jpg\" alt=\"\" \/>\u00a0<img decoding=\"async\" class=\"alignnone wp-image-53777\" src=\"https:\/\/marbellawohnen.com\/wp-content\/uploads\/2023\/06\/Portada.jpg\" alt=\"\" \/>\u00a0<img decoding=\"async\" class=\"alignnone wp-image-53775\" src=\"https:\/\/marbellawohnen.com\/wp-content\/uploads\/2023\/06\/FERIA3_1.jpg\" alt=\"\" \/><\/p>\n<p><img decoding=\"async\" class=\"wp-image-53774 aligncenter\" src=\"https:\/\/marbellawohnen.com\/wp-content\/uploads\/2023\/06\/FERIA1_1.jpg\" alt=\"\" \/><\/p>\n<p><span style=\"color: #003366;\">La zona de la\u00a0<b>Feria de d\u00eda<\/b>\u00a0encuentra su entrada principal en el Parque de la Alameda, llegando hasta el Paseo Mar\u00edtimo a trav\u00e9s de la Avenida del Mar, flanqueada por la Avenida Miguel Cano y la Avenida Puerta del Mar.<\/span><\/p>\n<h3>Recinto de la Feria de noche<\/h3>\n<p><img decoding=\"async\" class=\"alignnone wp-image-53618\" src=\"https:\/\/marbellawohnen.com\/wp-content\/uploads\/2023\/06\/feria-marbella.jpg\" sizes=\"(max-width: 276px) 100vw, 276px\" srcset=\"https:\/\/marbellawohnen.com\/wp-content\/uploads\/2023\/06\/feria-marbella.jpg 300w, https:\/\/marbellawohnen.com\/wp-content\/uploads\/2023\/06\/feria-marbella.jpg 768w, https:\/\/marbellawohnen.com\/wp-content\/uploads\/2023\/06\/feria-marbella.jpg 1000w\" alt=\"\" \/>\u00a0<img decoding=\"async\" class=\"alignnone wp-image-53784\" src=\"https:\/\/marbellawohnen.com\/wp-content\/uploads\/2023\/06\/Iluminacion_recinto_ferial.jpg\" sizes=\"(max-width: 227px) 100vw, 227px\" srcset=\"https:\/\/marbellawohnen.com\/wp-content\/uploads\/2023\/06\/Iluminacion_recinto_ferial.jpg 951w, https:\/\/marbellawohnen.com\/wp-content\/uploads\/2023\/06\/Iluminacion_recinto_ferial.jpg 150w\" alt=\"\" \/>\u00a0<img decoding=\"async\" class=\"alignnone wp-image-53619\" src=\"https:\/\/marbellawohnen.com\/wp-content\/uploads\/2023\/06\/marbella-0.jpg\" sizes=\"(max-width: 263px) 100vw, 263px\" srcset=\"https:\/\/marbellawohnen.com\/wp-content\/uploads\/2023\/06\/marbella-0.jpg 300w, https:\/\/marbellawohnen.com\/wp-content\/uploads\/2023\/06\/marbella-0.jpg 1024w, https:\/\/marbellawohnen.com\/wp-content\/uploads\/2023\/06\/marbella-0.jpg 768w, https:\/\/marbellawohnen.com\/wp-content\/uploads\/2023\/06\/marbella-0.jpg 1200w\" alt=\"\" \/><\/p>\n<p><span style=\"color: #003366;\">El nuevo espacio de casi 40.000 metros cuadrados destinado al Recinto Ferial de noche para la Feria y fiestas de San Bernab\u00e9 est\u00e1 ubicado por debajo de la AP-7, entre el Campo de f\u00fatbol Luis Teruel y el Arroyo Segundo, pr\u00f3ximo al paso subterr\u00e1neo para llegar al C.C. La Ca\u00f1ada.<\/span><\/p>\n<p><span style=\"color: #003366;\"><em><strong>Para m\u00e1s informaci\u00f3n, consulte el siguiente enlace:<\/strong><\/em><\/span><\/p>\n<h4><em><a href=\"https:\/\/www.marbella.es\/agenda\/fiestas\/feria-y-fiestas-de-san-bernabe.html\" target=\"_blank\" rel=\"noopener\"><strong>Programa Feria y Fiestas de San Bernab\u00e9 Marbella 2025<\/strong><\/a><\/em><\/h4>\n<\/blockquote>\n<div class=\"oembed\"><iframe title=\"MARBELLA, Spain: FERIA de San Bernab\u00e9 2024 fiesta de d\u00eda party 8 junio 2024\" src=\"https:\/\/www.youtube.com\/embed\/1z-L1nwKGMA?feature=oembed\" frameborder=\"0\" allowfullscreen=\"allowfullscreen\" data-mce-fragment=\"1\"><\/iframe><\/div>\n<div class=\"oembed\"><iframe title=\"Marbella Feria de San Bernab\u00e9 2023 - Costa del Sol, Spain 4K immersive virtual walking tour\" src=\"https:\/\/www.youtube.com\/embed\/p_pwDiC0FuI?feature=oembed\" frameborder=\"0\" allowfullscreen=\"allowfullscreen\" data-mce-fragment=\"1\"><\/iframe><\/div>\n<blockquote>\n<h4 align=\"center\"><span lang=\"en-US\"><a href=\"https:\/\/marbellawohnen.com\/es\/\"><img decoding=\"async\" class=\" wp-image-33122 alignleft\" src=\"https:\/\/marbellawohnen.com\/wp-content\/uploads\/2021\/08\/logo-marbella-whonen-1-copia-1.jpg\" sizes=\"(max-width: 265px) 100vw, 265px\" srcset=\"https:\/\/marbellawohnen.com\/wp-content\/uploads\/2021\/08\/logo-marbella-whonen-1-copia-1.jpg 300w, https:\/\/marbellawohnen.com\/wp-content\/uploads\/2021\/08\/logo-marbella-whonen-1-copia-1.jpg 768w, https:\/\/marbellawohnen.com\/wp-content\/uploads\/2021\/08\/logo-marbella-whonen-1-copia-1.jpg 800w\" alt=\"\" \/><\/a><\/span><\/h4>\n<h4 align=\"center\"><span lang=\"en-US\"><strong>Somos expertos en todos los aspectos del sector inmobiliario<\/strong><\/span><\/h4>\n<h4 align=\"center\"><strong>35 a\u00f1os de experiencia inmobiliaria en el mercado de Marbella<\/strong><\/h4>\n<h4><a href=\"https:\/\/marbellawohnen.com\/es\/\"><strong>Marbella WOHNEN Immobilien<\/strong><\/a><\/h4>\n<h4><a href=\"https:\/\/marbellawohnen.com\/es\/contact\/\"><strong>Contactenos<\/strong><\/a><\/h4>\n<\/blockquote>\n<p><\/p>","protected":false},"excerpt":{"rendered":"<p>Feria de Marbella 2025 Fiestas de San Bernab\u00e9 Cada a\u00f1o, la ciudad de Marbella se llena de vida y color con la celebraci\u00f3n de las Fiestas de San Bernab\u00e9, un evento emocionante que atrae a miles de personas de toda la regi\u00f3n. Esta festividad, que tiene lugar en junio, es una oportunidad \u00fanica para disfrutar [&hellip;]<\/p>\n","protected":false},"author":2,"featured_media":50803,"comment_status":"open","ping_status":"open","sticky":false,"template":"","format":"standard","meta":{"_acf_changed":false,"footnotes":""},"categories":[1],"tags":[],"class_list":["post-50789","post","type-post","status-publish","format-standard","has-post-thumbnail","hentry","category-sin-categoria"],"acf":[],"_links":{"self":[{"href":"https:\/\/marbellawohnen.com\/es\/wp-json\/wp\/v2\/posts\/50789","targetHints":{"allow":["GET"]}}],"collection":[{"href":"https:\/\/marbellawohnen.com\/es\/wp-json\/wp\/v2\/posts"}],"about":[{"href":"https:\/\/marbellawohnen.com\/es\/wp-json\/wp\/v2\/types\/post"}],"author":[{"embeddable":true,"href":"https:\/\/marbellawohnen.com\/es\/wp-json\/wp\/v2\/users\/2"}],"replies":[{"embeddable":true,"href":"https:\/\/marbellawohnen.com\/es\/wp-json\/wp\/v2\/comments?post=50789"}],"version-history":[{"count":10,"href":"https:\/\/marbellawohnen.com\/es\/wp-json\/wp\/v2\/posts\/50789\/revisions"}],"predecessor-version":[{"id":51553,"href":"https:\/\/marbellawohnen.com\/es\/wp-json\/wp\/v2\/posts\/50789\/revisions\/51553"}],"wp:featuredmedia":[{"embeddable":true,"href":"https:\/\/marbellawohnen.com\/es\/wp-json\/wp\/v2\/media\/50803"}],"wp:attachment":[{"href":"https:\/\/marbellawohnen.com\/es\/wp-json\/wp\/v2\/media?parent=50789"}],"wp:term":[{"taxonomy":"category","embeddable":true,"href":"https:\/\/marbellawohnen.com\/es\/wp-json\/wp\/v2\/categories?post=50789"},{"taxonomy":"post_tag","embeddable":true,"href":"https:\/\/marbellawohnen.com\/es\/wp-json\/wp\/v2\/tags?post=50789"}],"curies":[{"name":"wp","href":"https:\/\/api.w.org\/{rel}","templated":true}]}}