{"id":51383,"date":"2025-06-23T21:37:20","date_gmt":"2025-06-23T19:37:20","guid":{"rendered":"https:\/\/stage.marbellawohnen.com\/?p=51383"},"modified":"2025-06-28T23:10:22","modified_gmt":"2025-06-28T21:10:22","slug":"san-juan-night-in-marbella","status":"publish","type":"post","link":"https:\/\/marbellawohnen.com\/es\/san-juan-night-in-marbella\/","title":{"rendered":"La Noche de San Juan en Marbella"},"content":{"rendered":"<p><\/p>\n<h2 style=\"text-align: center;\"><span style=\"font-weight: 400;\">La Noche de San Juan en Marbella<\/span><\/h2>\n<p><img loading=\"lazy\" decoding=\"async\" class=\"alignnone wp-image-51390\" src=\"https:\/\/marbellawohnen.com\/wp-content\/uploads\/2025\/06\/SAN-JUAN.png\" alt=\"\" width=\"803\" height=\"328\" \/><\/p>\n<p><span style=\"font-weight: 400;\">La Noche de San Juan en Andaluc\u00eda es una de las fechas m\u00e1s esperadas del a\u00f1o, que se celebra cada 23 de junio. Las ciudades y pueblos andaluces se preparan para dar la bienvenida oficial al verano con hogueras, ba\u00f1os de agua y fuegos artificiales. Descubra c\u00f3mo se vive este evento en Andaluc\u00eda y otras muchas curiosidades y tradiciones de esta fiesta.<\/span><\/p>\n<h3 style=\"text-align: center;\"><span style=\"font-weight: 400;\">Origen de la Noche de San Juan<\/span><\/h3>\n<p><img loading=\"lazy\" decoding=\"async\" class=\"alignnone wp-image-51393\" src=\"https:\/\/marbellawohnen.com\/wp-content\/uploads\/2025\/06\/3-2-600x400.jpg\" alt=\"\" width=\"803\" height=\"535\" srcset=\"https:\/\/marbellawohnen.com\/wp-content\/uploads\/2025\/06\/3-2-600x400.jpg 600w, https:\/\/marbellawohnen.com\/wp-content\/uploads\/2025\/06\/3-2.jpg 1024w\" sizes=\"auto, (max-width: 803px) 100vw, 803px\" \/><\/p>\n<p><span style=\"font-weight: 400;\">La Noche de San Juan tiene su origen en una fiesta pagana de adoraci\u00f3n al sol. Desde la prehistoria, estos ritos han estado relacionados con el solsticio de verano, el d\u00eda del a\u00f1o con m\u00e1s horas de luz en el hemisferio norte y que tiene lugar entre el 21 y 22 de junio. Al parecer, los hombres de la antig\u00fcedad se percataron de que a partir de estas fechas el sol comenzaba a perder fuerza y los d\u00edas se volv\u00edan cada vez m\u00e1s cortos. Temerosos de que el astro rey no volviera a salir nunca, realizaban grandes hogueras para darle fuerza al sol.<\/span><\/p>\n<p><span style=\"font-weight: 400;\">Estos ritos ancestrales que han pervivido hasta nuestros d\u00edas, evolucionaron para celebrar la llegada del verano y el buen tiempo.<\/span><\/p>\n<p><span style=\"font-weight: 400;\">Despu\u00e9s, con el advenimiento del cristianismo se mantuvo esta tradici\u00f3n pero convertida en un rito religioso. Seg\u00fan las Sagradas Escrituras, Zacar\u00edas encendi\u00f3 una gran hoguera para anunciar el nacimiento de su hijo Juan coincidiendo con el solsticio de verano. Por tanto, como fiesta cristiana, el 24 de junio se celebra el nacimiento de San Juan Bautista.<\/span><\/p>\n<p><span style=\"font-weight: 400;\">Con el tiempo, la Noche de San Juan ha recuperado la esencia de las antiguas fiestas paganas y hoy sirve para festejar la llegada del buen tiempo, el verano y tambi\u00e9n las vacaciones.<\/span><\/p>\n<h3 style=\"text-align: center;\"><span style=\"font-weight: 400;\">Elementos y rituales de la fiesta de San Juan<\/span><\/h3>\n<p><img loading=\"lazy\" decoding=\"async\" class=\"alignnone wp-image-51392\" src=\"https:\/\/marbellawohnen.com\/wp-content\/uploads\/2025\/06\/6-1-600x337.jpg\" alt=\"\" width=\"807\" height=\"453\" srcset=\"https:\/\/marbellawohnen.com\/wp-content\/uploads\/2025\/06\/6-1-600x337.jpg 600w, https:\/\/marbellawohnen.com\/wp-content\/uploads\/2025\/06\/6-1.jpg 996w\" sizes=\"auto, (max-width: 807px) 100vw, 807px\" \/><\/p>\n<p><span style=\"font-weight: 400;\">El agua y el fuego son los dos elementos protagonistas de esta fiesta, sobre los que se han formado toda una serie de rituales destinados a romper maleficios y atraer la buena suerte.<\/span><\/p>\n<p><span style=\"font-weight: 400;\">Las hogueras son el elemento m\u00e1s caracter\u00edstico y en ellas se quema tambi\u00e9n todo tipo de objetos, desde muebles viejos hasta los apuntes de ex\u00e1menes que ya se han superado. El fuego est\u00e1 asociado a la purificaci\u00f3n, y el objetivo es desprenderse de la mala suerte. Igualmente, se pueden arder papeles donde se han escrito aquellas cosas que queremos que desaparezcan de nuestras vidas. Otros rituales que atribuyen buena suerte consisten en saltar la hoguera tres veces.<\/span><\/p>\n<p><span style=\"font-weight: 400;\">Por otro lado, el agua tambi\u00e9n purifica de lo malo y contribuye a que se cumplan los buenos deseos. Es tradici\u00f3n que a las doce de la noche las personas se ba\u00f1en en el mar para conseguir buena suerte. En la versi\u00f3n cristiana, el agua puede entenderse como la purificaci\u00f3n de los pecados.<\/span><\/p>\n<h2 style=\"text-align: center;\"><span style=\"font-weight: 400;\">San Juan en Andaluc\u00eda<\/span><\/h2>\n<p><img loading=\"lazy\" decoding=\"async\" class=\"alignnone wp-image-51386\" src=\"https:\/\/marbellawohnen.com\/wp-content\/uploads\/2025\/06\/shutterstock_666710194-600x400.jpg\" alt=\"\" width=\"800\" height=\"533\" srcset=\"https:\/\/marbellawohnen.com\/wp-content\/uploads\/2025\/06\/shutterstock_666710194-600x400.jpg 600w, https:\/\/marbellawohnen.com\/wp-content\/uploads\/2025\/06\/shutterstock_666710194.jpg 800w\" sizes=\"auto, (max-width: 800px) 100vw, 800px\" \/><\/p>\n<p><span style=\"font-weight: 400;\">Andaluc\u00eda es una de las comunidades que celebra con m\u00e1s ganas este d\u00eda. Adem\u00e1s, existen numerosas curiosidades para esta fecha en cada zona.<\/span><\/p>\n<h3 style=\"text-align: center;\"><span style=\"font-weight: 400;\">San Juan en M\u00e1laga<\/span><\/h3>\n<p><img loading=\"lazy\" decoding=\"async\" class=\"alignnone wp-image-51387\" src=\"https:\/\/marbellawohnen.com\/wp-content\/uploads\/2025\/06\/el-espeto-6-1024x466-1-600x273.jpg\" alt=\"\" width=\"802\" height=\"365\" srcset=\"https:\/\/marbellawohnen.com\/wp-content\/uploads\/2025\/06\/el-espeto-6-1024x466-1-600x273.jpg 600w, https:\/\/marbellawohnen.com\/wp-content\/uploads\/2025\/06\/el-espeto-6-1024x466-1.jpg 1024w\" sizes=\"auto, (max-width: 802px) 100vw, 802px\" \/><\/p>\n<p><span style=\"font-weight: 400;\">M\u00e1laga es una de las ciudades que m\u00e1s se vuelcan con la fiesta de San Juan. El Ayuntamiento organiza conciertos en la playa de la Malagueta y los fuegos artificiales que suelen lanzarse desde el puerto son todo un espect\u00e1culo que no deber\u00eda perderse.<\/span><\/p>\n<p><span style=\"font-weight: 400;\">La tradici\u00f3n manda hacer una gran hoguera y a partir de las doce de la noche hay que ba\u00f1arse en el mar para atraer la buena suerte y la felicidad. Asimismo, esta noche es costumbre cenar los t\u00edpicos espetos, las sardinas atravesadas con ca\u00f1as y cocinadas al fuego sobre la arena.<\/span><\/p>\n<p><span style=\"font-weight: 400;\">Otra costumbre de la provincia malague\u00f1a es quemar los llamados j\u00faas, unos grandes mu\u00f1ecos de trapo que est\u00e1n rellenos de papel, serr\u00edn u otro tipo de material. Los realizan grupos de amigos y suelen representar a un personaje popular que es a menudo caricaturizado. En la playa de la Misericordia se organiza una gran hoguera y es donde se quema la j\u00faa municipal.<\/span><\/p>\n<p>&nbsp;<\/p>","protected":false},"excerpt":{"rendered":"<p>La Noche de San Juan en Marbella La Noche de San Juan en Andaluc\u00eda es una de las fechas m\u00e1s esperadas del a\u00f1o, que se celebra cada 23 de junio. Las ciudades y pueblos andaluces se preparan para dar la bienvenida oficial al verano con hogueras, ba\u00f1os de agua y fuegos artificiales. Descubra c\u00f3mo se [&hellip;]<\/p>\n","protected":false},"author":2,"featured_media":51386,"comment_status":"open","ping_status":"open","sticky":false,"template":"","format":"standard","meta":{"_acf_changed":false,"footnotes":""},"categories":[1],"tags":[],"class_list":["post-51383","post","type-post","status-publish","format-standard","has-post-thumbnail","hentry","category-sin-categoria"],"acf":[],"_links":{"self":[{"href":"https:\/\/marbellawohnen.com\/es\/wp-json\/wp\/v2\/posts\/51383","targetHints":{"allow":["GET"]}}],"collection":[{"href":"https:\/\/marbellawohnen.com\/es\/wp-json\/wp\/v2\/posts"}],"about":[{"href":"https:\/\/marbellawohnen.com\/es\/wp-json\/wp\/v2\/types\/post"}],"author":[{"embeddable":true,"href":"https:\/\/marbellawohnen.com\/es\/wp-json\/wp\/v2\/users\/2"}],"replies":[{"embeddable":true,"href":"https:\/\/marbellawohnen.com\/es\/wp-json\/wp\/v2\/comments?post=51383"}],"version-history":[{"count":8,"href":"https:\/\/marbellawohnen.com\/es\/wp-json\/wp\/v2\/posts\/51383\/revisions"}],"predecessor-version":[{"id":51551,"href":"https:\/\/marbellawohnen.com\/es\/wp-json\/wp\/v2\/posts\/51383\/revisions\/51551"}],"wp:featuredmedia":[{"embeddable":true,"href":"https:\/\/marbellawohnen.com\/es\/wp-json\/wp\/v2\/media\/51386"}],"wp:attachment":[{"href":"https:\/\/marbellawohnen.com\/es\/wp-json\/wp\/v2\/media?parent=51383"}],"wp:term":[{"taxonomy":"category","embeddable":true,"href":"https:\/\/marbellawohnen.com\/es\/wp-json\/wp\/v2\/categories?post=51383"},{"taxonomy":"post_tag","embeddable":true,"href":"https:\/\/marbellawohnen.com\/es\/wp-json\/wp\/v2\/tags?post=51383"}],"curies":[{"name":"wp","href":"https:\/\/api.w.org\/{rel}","templated":true}]}}